{"id":938,"date":"2016-01-13T12:39:25","date_gmt":"2016-01-13T12:39:25","guid":{"rendered":"http:\/\/www.campingverneda.com\/blog\/?p=938"},"modified":"2019-03-03T16:39:32","modified_gmt":"2019-03-03T16:39:32","slug":"secretos-de-la-val-daran","status":"publish","type":"post","link":"http:\/\/www.campingverneda.com\/blog\/2016\/01\/13\/secretos-de-la-val-daran\/","title":{"rendered":"Secretos de la Val d\u2019Aran"},"content":{"rendered":"<p style=\"text-align: justify;\">La Val d&#8217;Aran es un valle de valles, entre sus monta\u00f1as y prados esconde secretos, historias, amantes, gigantes&#8230;<\/p>\n<p style=\"text-align: justify;\">Conociendo las monta\u00f1as altas e inmensas, las cuevas escondidas y bosques frondosos mientras se pasea en familia no es de extra\u00f1ar: la Val d&#8217;Aran es el lugar perfecto donde habitan los gigantes y fantasmas, entre otras criaturas extra\u00f1as.<\/p>\n<p style=\"text-align: justify;\">Hace muchos a\u00f1os, cuando los romanos conquistaban la Pen\u00ednsula Ib\u00e9rica, consiguieron subir los Pirineos y alcanzar la Val d&#8217;Aran. Los vecinos araneses se opusieron a la invasi\u00f3n con las herramientas que pose\u00edan, pero los ej\u00e9rcitos romanos eran m\u00e1s fuertes y numerosos que los araneses.<\/p>\n<p style=\"text-align: justify;\"><strong>Mandronius<\/strong>, un gigante de tres metros casado con una aranesa que hab\u00eda sido secuestrada, quiso hacer uso de su fuerza y luchar por el pueblo aran\u00e9s en contra del ej\u00e9rcito romano. Mandronius entr\u00f3 en el campamento y se volvi\u00f3 loco, mat\u00f3 a much\u00edsimas personas. Ese no era el Mandronius que los vecinos de Aran conoc\u00edan. Despu\u00e9s de expulsar a los romanos, los vecinos se unieron para matarlo, ya que se hab\u00eda convertido en una amenaza para el pueblo con el que hab\u00eda convivido durante a\u00f1os. Los vecinos cavaron una profunda fosa y le cortaron la cabeza.<\/p>\n<p style=\"text-align: justify;\">Se dice, se especula, que la cabeza del gigante Mandronius se encuentra en la <a href=\"http:\/\/www.rutasconhistoria.es\/loc\/san-julian-de-garos\" target=\"_blank\">Iglesia de Gar\u00f3s<\/a> a modo de protecci\u00f3n, y que su cueva todav\u00eda est\u00e1 visible. \u00bfTe atrev\u00e9s a descubrila?<\/p>\n<p style=\"text-align: justify;\">Una de las historias m\u00e1s tristes y bonita a la vez, es la historia de los <strong>Amantes de Bausen<\/strong>. Dos j\u00f3venes enamorados quisieron casarse por la iglesia, pero debido a su lejano parentesco, el p\u00e1rroco de Bausen no quiso casarles. Ella, llamada Teresa, con s\u00f3lo 33 a\u00f1os enferm\u00f3 y muri\u00f3. El p\u00e1rroco no accedi\u00f3 a darle la sepultura en el cementerio del pueblo, as\u00ed que el joven viudo y enamorado junto a los vecinos del pueblo cavaron otra fosa e hicieron un cementerio civil. La tumba se encuentra al inicio de la excursi\u00f3n del <a href=\"http:\/\/andarcon50tacos.blogspot.com.es\/2009\/10\/el-bosque-de-carlac-val-daran.html\" target=\"_blank\">Bosque de Carlac<\/a>, pero a penas unos pocos la conocen&#8230; \u00bfSer\u00e1s tu qui\u00e9n la descubra?<\/p>\n<p style=\"text-align: justify;\">M\u00e1s cerca de nuestro rinc\u00f3n de <a href=\"https:\/\/es.pinterest.com\/campingverneda\/\" target=\"_blank\">Vida Verneda<\/a>, en la Ribera de Barrad\u00f2s, cuentan los ancianos del pueblo que los bosques cercanos al Saut del Pish era el hogar de los Pirineos del <strong>Fantasma Dels<\/strong>. Este fantasma ten\u00eda una indumentaria haraposa y asustaba a todo aquel que se introduc\u00eda en su territorio\u2026 \u00bfQuieres saber c\u00f3mo sigue esta historia? Pregunta el final en <a href=\"https:\/\/twitter.com\/CampingVerneda\" target=\"_blank\">Twitter<\/a> y sigue nuestro blog para conocer la vernadera historia de la Val d\u2019Aran.<\/p>\n","protected":false},"excerpt":{"rendered":"<p>La Val d&#8217;Aran es un valle de valles, entre sus monta\u00f1as y prados esconde secretos, historias, amantes, gigantes&#8230; Conociendo las monta\u00f1as altas e inmensas, las [&hellip;]<\/p>\n","protected":false},"author":1,"featured_media":939,"comment_status":"open","ping_status":"open","sticky":false,"template":"","format":"standard","meta":[],"categories":[1,71,72,69],"tags":[68,15,48,49,50,47,51,11,76,41,77,78,79,14,46,42,40,74,75],"_links":{"self":[{"href":"http:\/\/www.campingverneda.com\/blog\/wp-json\/wp\/v2\/posts\/938"}],"collection":[{"href":"http:\/\/www.campingverneda.com\/blog\/wp-json\/wp\/v2\/posts"}],"about":[{"href":"http:\/\/www.campingverneda.com\/blog\/wp-json\/wp\/v2\/types\/post"}],"author":[{"embeddable":true,"href":"http:\/\/www.campingverneda.com\/blog\/wp-json\/wp\/v2\/users\/1"}],"replies":[{"embeddable":true,"href":"http:\/\/www.campingverneda.com\/blog\/wp-json\/wp\/v2\/comments?post=938"}],"version-history":[{"count":1,"href":"http:\/\/www.campingverneda.com\/blog\/wp-json\/wp\/v2\/posts\/938\/revisions"}],"predecessor-version":[{"id":940,"href":"http:\/\/www.campingverneda.com\/blog\/wp-json\/wp\/v2\/posts\/938\/revisions\/940"}],"wp:featuredmedia":[{"embeddable":true,"href":"http:\/\/www.campingverneda.com\/blog\/wp-json\/wp\/v2\/media\/939"}],"wp:attachment":[{"href":"http:\/\/www.campingverneda.com\/blog\/wp-json\/wp\/v2\/media?parent=938"}],"wp:term":[{"taxonomy":"category","embeddable":true,"href":"http:\/\/www.campingverneda.com\/blog\/wp-json\/wp\/v2\/categories?post=938"},{"taxonomy":"post_tag","embeddable":true,"href":"http:\/\/www.campingverneda.com\/blog\/wp-json\/wp\/v2\/tags?post=938"}],"curies":[{"name":"wp","href":"https:\/\/api.w.org\/{rel}","templated":true}]}}