{"id":4699,"date":"2023-11-06T08:31:40","date_gmt":"2023-11-06T08:31:40","guid":{"rendered":"http:\/\/www.campingverneda.com\/blog\/?p=4699"},"modified":"2024-01-30T12:01:32","modified_gmt":"2024-01-30T12:01:32","slug":"nos-preparamos-para-el-invierno","status":"publish","type":"post","link":"http:\/\/www.campingverneda.com\/blog\/2023\/11\/06\/nos-preparamos-para-el-invierno\/","title":{"rendered":"Nos preparamos para el invierno"},"content":{"rendered":"<div id=\"attachment_4302\" style=\"width: 397px\" class=\"wp-caption alignright\"><a href=\"http:\/\/www.campingverneda.com\/blog\/2022\/12\/23\/el-regalo-perfecto-de-esta-navidad\/verneda-camping-resort-chequeregalo\/\" rel=\"attachment wp-att-4302\"><img aria-describedby=\"caption-attachment-4302\" decoding=\"async\" loading=\"lazy\" class=\" wp-image-4302\" src=\"http:\/\/www.campingverneda.com\/blog\/wp-content\/uploads\/2022\/12\/verneda-camping-resort-chequeregalo.png\" alt=\"Bungalows Camping Verneda\" width=\"387\" height=\"490\" srcset=\"http:\/\/www.campingverneda.com\/blog\/wp-content\/uploads\/2022\/12\/verneda-camping-resort-chequeregalo-200x254.png 200w, http:\/\/www.campingverneda.com\/blog\/wp-content\/uploads\/2022\/12\/verneda-camping-resort-chequeregalo-237x300.png 237w, http:\/\/www.campingverneda.com\/blog\/wp-content\/uploads\/2022\/12\/verneda-camping-resort-chequeregalo-400x507.png 400w, http:\/\/www.campingverneda.com\/blog\/wp-content\/uploads\/2022\/12\/verneda-camping-resort-chequeregalo-600x761.png 600w, http:\/\/www.campingverneda.com\/blog\/wp-content\/uploads\/2022\/12\/verneda-camping-resort-chequeregalo-768x974.png 768w, http:\/\/www.campingverneda.com\/blog\/wp-content\/uploads\/2022\/12\/verneda-camping-resort-chequeregalo-800x1014.png 800w, http:\/\/www.campingverneda.com\/blog\/wp-content\/uploads\/2022\/12\/verneda-camping-resort-chequeregalo-808x1024.png 808w, http:\/\/www.campingverneda.com\/blog\/wp-content\/uploads\/2022\/12\/verneda-camping-resort-chequeregalo.png 855w\" sizes=\"(max-width: 387px) 100vw, 387px\" \/><\/a><p id=\"caption-attachment-4302\" class=\"wp-caption-text\">Vacaciones en nuestras Bordetas Luxe<\/p><\/div>\n<p>Ahora es nuestro turno\u2026 \u00a1Nos vamos de vacaciones! As\u00ed que desde el pr\u00f3ximo d\u00eda 5 de noviembre hasta el 4 de diciembre Verneda Camping Mountain Resort permanecer\u00e1 cerrado.<\/p>\n<p>Estos d\u00edas de vacaciones nos sirven para <strong>descansar y volver a cargarnos de energ\u00eda para la temporada de invierno<\/strong>, y tambi\u00e9n para visitar nuevos lugares que nos inspiran para retomar temporada tras temporada la actividad con muchas novedades para vuestras pr\u00f3ximas visitas a <a href=\"https:\/\/www.campingverneda.com\/home\" target=\"_blank\" rel=\"noopener\">Verneda Camping Mountain Resort<\/a>. \u00bfTienes alguna buena idea que te gustar\u00eda que implement\u00e1semos a lo #VIDAVerneda?<\/p>\n<p>Adem\u00e1s, tambi\u00e9n aprovechamos estos d\u00edas en los que cerramos para<strong> acondicionar nuestras instalaciones para la nueva temporada de invierno<\/strong>.<\/p>\n<p>\u00a1Ya estamos en la cuenta atr\u00e1s para la llegada de los primeros copos de nieve! Adaptamos nuestros bungalows hechos a medida para que cuando llegu\u00e9is est\u00e9n siempre calientes, y acomodamos todas nuestras caba\u00f1as de madera para que no os falte nada cuando veng\u00e1is a pasar unos d\u00edas en familia y con vuestros perros, gatos u otros animales de compa\u00f1\u00eda, durante el invierno.<\/p>\n<p>\u00bfQu\u00e9 es lo que m\u00e1s te gusta del invierno en este valle de los Pirineos? \u00bfEres de subir a la estaci\u00f3n de Baqueira Beret o te gusta m\u00e1s una ruta en raquetas por la ma\u00f1ana y luego una buena comilona con siesta incluida?<\/p>\n<p>Tanto si te gusta subir a pistas, como si prefieres otro de los muchos<strong> planes alternativos que hay durante el invierno en la Val d\u2019Aran<\/strong>, aprovecha ahora para planificar tu escapada de invierno a los Pirineos y <a href=\"https:\/\/thelisresa.webcamp.fr\/?camping=verneda&amp;lang=es&amp;PHPSESSID=r7mla8tv72bitir5kl9j488q67\" target=\"_blank\" rel=\"noopener\">reserva directamente desde nuestra web<\/a> para elegir el bungalow de madera que mejor se adapte a ti y a tus personas favoritas\u2026 Pi\u00e9nsalo bien: t\u00fa, con la compa\u00f1\u00eda que tu escojas, tu perrete al calor de un bungalow de madera. \u00a1Un planazo asegurado!<\/p>\n<p>Los mejores planes son los improvisados, as\u00ed que aprovecha estos d\u00edas para venir a sentir la #VIDAVerneda en primer\u00edsima persona!<\/p>\n","protected":false},"excerpt":{"rendered":"<p>Ahora es nuestro turno\u2026 \u00a1Nos vamos de vacaciones! As\u00ed que desde el pr\u00f3ximo d\u00eda 5 de noviembre hasta el 4 de diciembre Verneda Camping Mountain [&hellip;]<\/p>\n","protected":false},"author":1,"featured_media":3579,"comment_status":"open","ping_status":"open","sticky":false,"template":"","format":"standard","meta":[],"categories":[1],"tags":[15,48,1151,1266,1192,751,12,856,91,1627,1605,911,1607,1606,818,1238],"_links":{"self":[{"href":"http:\/\/www.campingverneda.com\/blog\/wp-json\/wp\/v2\/posts\/4699"}],"collection":[{"href":"http:\/\/www.campingverneda.com\/blog\/wp-json\/wp\/v2\/posts"}],"about":[{"href":"http:\/\/www.campingverneda.com\/blog\/wp-json\/wp\/v2\/types\/post"}],"author":[{"embeddable":true,"href":"http:\/\/www.campingverneda.com\/blog\/wp-json\/wp\/v2\/users\/1"}],"replies":[{"embeddable":true,"href":"http:\/\/www.campingverneda.com\/blog\/wp-json\/wp\/v2\/comments?post=4699"}],"version-history":[{"count":3,"href":"http:\/\/www.campingverneda.com\/blog\/wp-json\/wp\/v2\/posts\/4699\/revisions"}],"predecessor-version":[{"id":4702,"href":"http:\/\/www.campingverneda.com\/blog\/wp-json\/wp\/v2\/posts\/4699\/revisions\/4702"}],"wp:featuredmedia":[{"embeddable":true,"href":"http:\/\/www.campingverneda.com\/blog\/wp-json\/wp\/v2\/media\/3579"}],"wp:attachment":[{"href":"http:\/\/www.campingverneda.com\/blog\/wp-json\/wp\/v2\/media?parent=4699"}],"wp:term":[{"taxonomy":"category","embeddable":true,"href":"http:\/\/www.campingverneda.com\/blog\/wp-json\/wp\/v2\/categories?post=4699"},{"taxonomy":"post_tag","embeddable":true,"href":"http:\/\/www.campingverneda.com\/blog\/wp-json\/wp\/v2\/tags?post=4699"}],"curies":[{"name":"wp","href":"https:\/\/api.w.org\/{rel}","templated":true}]}}