{"id":4690,"date":"2023-10-24T04:59:00","date_gmt":"2023-10-24T04:59:00","guid":{"rendered":"http:\/\/www.campingverneda.com\/blog\/?p=4690"},"modified":"2024-09-16T13:35:43","modified_gmt":"2024-09-16T13:35:43","slug":"borda-suite-el-alojamiento-para-grandes-familias","status":"publish","type":"post","link":"http:\/\/www.campingverneda.com\/blog\/2023\/10\/24\/borda-suite-el-alojamiento-para-grandes-familias\/","title":{"rendered":"Borda Suite, el bungalow para las super familias"},"content":{"rendered":"<div id=\"attachment_2730\" style=\"width: 621px\" class=\"wp-caption alignright\"><a href=\"http:\/\/www.campingverneda.com\/blog\/2019\/01\/07\/habitos-saludables-para-empezar-el-ano\/domingos-verneda-mountain-resort-val-d-aran-pet-friendly-pirineos-catalunya-experience\/\" rel=\"attachment wp-att-2730\"><img aria-describedby=\"caption-attachment-2730\" decoding=\"async\" loading=\"lazy\" class=\" wp-image-2730\" src=\"http:\/\/www.campingverneda.com\/blog\/wp-content\/uploads\/2019\/01\/domingos-verneda-mountain-resort-val-d-aran-pet-friendly-pirineos-catalunya-experience.jpg\" alt=\"\" width=\"611\" height=\"432\" srcset=\"http:\/\/www.campingverneda.com\/blog\/wp-content\/uploads\/2019\/01\/domingos-verneda-mountain-resort-val-d-aran-pet-friendly-pirineos-catalunya-experience-300x212.jpg 300w, http:\/\/www.campingverneda.com\/blog\/wp-content\/uploads\/2019\/01\/domingos-verneda-mountain-resort-val-d-aran-pet-friendly-pirineos-catalunya-experience-600x424.jpg 600w, http:\/\/www.campingverneda.com\/blog\/wp-content\/uploads\/2019\/01\/domingos-verneda-mountain-resort-val-d-aran-pet-friendly-pirineos-catalunya-experience.jpg 945w\" sizes=\"(max-width: 611px) 100vw, 611px\" \/><\/a><p id=\"caption-attachment-2730\" class=\"wp-caption-text\">Leyendo en la Borda Suite<\/p><\/div>\n<p>Todos y todas tenemos s\u00faper claro que las vacaciones compartidas, siempre son mejores. Da igual con quieras compartir esos d\u00edas libres que tienes durante el a\u00f1o, las escapadas de fin de semana o los puentes que vamos esperando como agua de mayo. Tanto si eliges disfrutar de unos d\u00edas en familia, como si prefieres viajar en cuadrilla, o si tienes que hacer ese viaje con compa\u00f1eros de trabajo que hace tanto que ten\u00e9is pendiente, <a href=\"https:\/\/www.campingverneda.com\/borda-suite\" target=\"_blank\" rel=\"noopener\">nuestros bungalows Borda Suite son el alojamiento perfecto<\/a> para que vibr\u00e9is nada m\u00e1s llegar a la Val d\u2019Aran.<\/p>\n<p>Los bungalows de madera Borda Suite de <a href=\"https:\/\/www.instagram.com\/vida.verneda\/\" target=\"_blank\" rel=\"noopener\">Verneda Camping Mountain Resort<\/a> est\u00e1n pensados para alojar a grupos, o s\u00faper familias -sea como sea el tipo de familia-, de entre <strong>6 y 8 personas. Caba\u00f1as hechas a medida que se integran perfectamente en el paisaje natural de la Val d\u2019Aran con todo el confort que puedas imaginar<\/strong>.<\/p>\n<p><strong>\u00bfC\u00f3mo te imaginas una escapada a la monta\u00f1a con tu familia o tus amigos y amigas favoritos?<\/strong> Para que dejes de imagin\u00e1rtelo, y te animes a cumplir con esa idea, te contamos que los bungalows Borda Suite son dos, y los llamamos Isard y Cabir\u00f2u, que son los dos animales de la Val d\u2019Aran.<\/p>\n<p>La Borda Suite tiene dos niveles distribuidos en 80m2. Tras pasar por la entrada, en la planta principal, est\u00e1 el sal\u00f3n-comedor con dos sof\u00e1s, una cocina totalmente equipada, una habitaci\u00f3n con cama doble (1,50m) y ba\u00f1o completo con plato de ducha y WC separado. Y en la planta superior, encontrar\u00e1s dos habitaciones con tres camas individuales cada una, y un ba\u00f1o completo con ba\u00f1era.<\/p>\n<p>Por supuesto, en nuestras caba\u00f1as de madera Borda Suite, igual que en el resto de nuestros bungalows, y en el resto de instalaciones de <a href=\"https:\/\/www.campingverneda.com\/dogfriendly\" target=\"_blank\" rel=\"noopener\">Verneda Camping Mountain Resort<\/a>, \u00a1los animales son bienvenidos! As\u00ed que s\u00ed, <strong>somos tu alojamiento petfriendly en este valle de los Pirineos<\/strong>.<\/p>\n<p>Organiza ya tu escapada de oto\u00f1o\/invierno a la Val d\u2019Aran desde <a href=\"https:\/\/thelisresa.webcamp.fr\/?camping=verneda&amp;lang=es&amp;PHPSESSID=n7t9k38o6qcg69vpms93k3m643\" target=\"_blank\" rel=\"noopener\">este enlace<\/a>.<\/p>\n","protected":false},"excerpt":{"rendered":"<p>Todos y todas tenemos s\u00faper claro que las vacaciones compartidas, siempre son mejores. Da igual con quieras compartir esos d\u00edas libres que tienes durante el [&hellip;]<\/p>\n","protected":false},"author":1,"featured_media":4692,"comment_status":"open","ping_status":"open","sticky":false,"template":"","format":"standard","meta":[],"categories":[72],"tags":[1626,1613,1323,1625,50,1150,1624,751,1043,818,1214],"_links":{"self":[{"href":"http:\/\/www.campingverneda.com\/blog\/wp-json\/wp\/v2\/posts\/4690"}],"collection":[{"href":"http:\/\/www.campingverneda.com\/blog\/wp-json\/wp\/v2\/posts"}],"about":[{"href":"http:\/\/www.campingverneda.com\/blog\/wp-json\/wp\/v2\/types\/post"}],"author":[{"embeddable":true,"href":"http:\/\/www.campingverneda.com\/blog\/wp-json\/wp\/v2\/users\/1"}],"replies":[{"embeddable":true,"href":"http:\/\/www.campingverneda.com\/blog\/wp-json\/wp\/v2\/comments?post=4690"}],"version-history":[{"count":5,"href":"http:\/\/www.campingverneda.com\/blog\/wp-json\/wp\/v2\/posts\/4690\/revisions"}],"predecessor-version":[{"id":4697,"href":"http:\/\/www.campingverneda.com\/blog\/wp-json\/wp\/v2\/posts\/4690\/revisions\/4697"}],"wp:featuredmedia":[{"embeddable":true,"href":"http:\/\/www.campingverneda.com\/blog\/wp-json\/wp\/v2\/media\/4692"}],"wp:attachment":[{"href":"http:\/\/www.campingverneda.com\/blog\/wp-json\/wp\/v2\/media?parent=4690"}],"wp:term":[{"taxonomy":"category","embeddable":true,"href":"http:\/\/www.campingverneda.com\/blog\/wp-json\/wp\/v2\/categories?post=4690"},{"taxonomy":"post_tag","embeddable":true,"href":"http:\/\/www.campingverneda.com\/blog\/wp-json\/wp\/v2\/tags?post=4690"}],"curies":[{"name":"wp","href":"https:\/\/api.w.org\/{rel}","templated":true}]}}