{"id":4685,"date":"2023-10-20T11:23:08","date_gmt":"2023-10-20T11:23:08","guid":{"rendered":"http:\/\/www.campingverneda.com\/blog\/?p=4685"},"modified":"2024-02-14T11:31:25","modified_gmt":"2024-02-14T11:31:25","slug":"6-lugares-para-conocer-la-val-daran-en-otono","status":"publish","type":"post","link":"http:\/\/www.campingverneda.com\/blog\/2023\/10\/20\/6-lugares-para-conocer-la-val-daran-en-otono\/","title":{"rendered":"6 lugares para conocer en la Val d\u2019Aran"},"content":{"rendered":"<div id=\"attachment_2122\" style=\"width: 646px\" class=\"wp-caption alignright\"><a href=\"http:\/\/www.campingverneda.com\/blog\/2017\/10\/09\/el-otono-en-la-val-daran-nos-gusta-porque\/setas-bosque-val-d-aran-verneda-camping-mountain-resort\/\" rel=\"attachment wp-att-2122\"><img aria-describedby=\"caption-attachment-2122\" decoding=\"async\" loading=\"lazy\" class=\" wp-image-2122\" src=\"http:\/\/www.campingverneda.com\/blog\/wp-content\/uploads\/2017\/10\/setas-bosque-val-d-aran-verneda-camping-mountain-resort.jpg\" alt=\"Camping Verneda la alternativa en tus vacaciones en la Val d'Aran\" width=\"636\" height=\"424\" srcset=\"http:\/\/www.campingverneda.com\/blog\/wp-content\/uploads\/2017\/10\/setas-bosque-val-d-aran-verneda-camping-mountain-resort-300x200.jpg 300w, http:\/\/www.campingverneda.com\/blog\/wp-content\/uploads\/2017\/10\/setas-bosque-val-d-aran-verneda-camping-mountain-resort-600x400.jpg 600w, http:\/\/www.campingverneda.com\/blog\/wp-content\/uploads\/2017\/10\/setas-bosque-val-d-aran-verneda-camping-mountain-resort-1024x683.jpg 1024w, http:\/\/www.campingverneda.com\/blog\/wp-content\/uploads\/2017\/10\/setas-bosque-val-d-aran-verneda-camping-mountain-resort.jpg 1920w\" sizes=\"(max-width: 636px) 100vw, 636px\" \/><\/a><p id=\"caption-attachment-2122\" class=\"wp-caption-text\">Temporada de setas en Aran<\/p><\/div>\n<p>Muchos y muchas nos pregunt\u00e1is por los lugares que hay que conocer s\u00ed o s\u00ed en la Val d&#8217;Aran. Si ya est\u00e1s planificando la pr\u00f3xima escapada a la Val d\u2019Aran<strong>, <\/strong>\u00a1te dedicamos este post!<strong> \u00bfEst\u00e1s buscando buenos planes en este valle de los Pirineos hasta que comience la temporada de invierno en Baqueira Beret?<\/strong> \u00bfQu\u00e9 lugares tienes que conocer s\u00ed o s\u00ed en este valle de valles?<\/p>\n<p>Como son muchos los espacios que m\u00e1s recomendamos en la Val d\u2019Aran, aqu\u00ed os traemos <strong>6 lugares para conocer en tu pr\u00f3ximo viaje a la Val d\u2019Aran.<\/strong> Estos lugares est\u00e1n pensados para que los puedas <strong>disfrutar durante un fin de semana<\/strong>. Seguro que luego quieres que ampliemos esta lista, y venir m\u00e1s d\u00edas seguidos para seguir sorprendi\u00e9ndote.<\/p>\n<p>Y es que resulta muy complicado concentrar todo lo que abarca la Val d\u2019Aran en s\u00f3lo 6 lugares. As\u00ed que pedimos que nos perdonen todos los sitios que son muy TOP, y que no est\u00e1n aqu\u00ed. Por supuesto, los iremos nombrando en siguientes listados. Adem\u00e1s, si vienes un fin de semana o un puente durante el oto\u00f1o, hay que aprovechar el fin de semana sin saturarse, ya que la idea es <strong>disfrutar del momento<\/strong>.<\/p>\n<h3>1. <strong>Vielha<\/strong><\/h3>\n<p>Vielha en la capital de la Val d\u2019Aran, el n\u00facleo urbano en el que m\u00e1s opciones de ocio tenemos, especialmente a la noche. Buena gastronom\u00eda tradicional y elaborada con productos de proximidad, varios locales con cerveza artesana elaborada en la Val d\u2019Aran, espacios para bailar y empezar bien el fin de semana, comercios de todo tipo\u2026 \u00a1Lo que quieras, lo tienes!<\/p>\n<h3>2. <strong>Artiga de Lin<\/strong><\/h3>\n<p>Todav\u00eda est\u00e1s a tiempo de dar un paseo por la Artiga de Lin y <a href=\"http:\/\/www.campingverneda.com\/blog\/2023\/09\/26\/improvisar-tiene-premio\/\" target=\"_blank\" rel=\"noopener\">disfrutar de la temporada de la berrea del ciervo<\/a>. Recuerda: siempre desde la distancia para preservar su privacidad y respetando su territorio. Practica el turismo de manera responsable con el medio ambiente.<\/p>\n<div id=\"attachment_3913\" style=\"width: 594px\" class=\"wp-caption alignleft\"><a href=\"http:\/\/www.campingverneda.com\/blog\/2021\/10\/08\/4-lugares-para-visitar-en-la-val-daran-en-otono\/verneda-valdaran\/\" rel=\"attachment wp-att-3913\"><img aria-describedby=\"caption-attachment-3913\" decoding=\"async\" loading=\"lazy\" class=\" wp-image-3913\" src=\"http:\/\/www.campingverneda.com\/blog\/wp-content\/uploads\/2021\/10\/verneda-valdaran.jpg\" alt=\"Val d'Aran en oto\u00f1o\" width=\"584\" height=\"413\" srcset=\"http:\/\/www.campingverneda.com\/blog\/wp-content\/uploads\/2021\/10\/verneda-valdaran-200x141.jpg 200w, http:\/\/www.campingverneda.com\/blog\/wp-content\/uploads\/2021\/10\/verneda-valdaran-300x212.jpg 300w, http:\/\/www.campingverneda.com\/blog\/wp-content\/uploads\/2021\/10\/verneda-valdaran-400x283.jpg 400w, http:\/\/www.campingverneda.com\/blog\/wp-content\/uploads\/2021\/10\/verneda-valdaran-600x424.jpg 600w, http:\/\/www.campingverneda.com\/blog\/wp-content\/uploads\/2021\/10\/verneda-valdaran-768x543.jpg 768w, http:\/\/www.campingverneda.com\/blog\/wp-content\/uploads\/2021\/10\/verneda-valdaran-800x566.jpg 800w, http:\/\/www.campingverneda.com\/blog\/wp-content\/uploads\/2021\/10\/verneda-valdaran.jpg 945w\" sizes=\"(max-width: 584px) 100vw, 584px\" \/><\/a><p id=\"caption-attachment-3913\" class=\"wp-caption-text\">Saut deth Pish en la Val d&#8217;Aran<\/p><\/div>\n<h3>3. <strong>Camin Reiau<\/strong><\/h3>\n<p>Con acceso directo desde las instalaciones de Verneda Camping Mountain Resort, el Camin Reiau es el camino que unen todos los pueblos de la Val d\u2019Aran. Un buen plan para hacer por etapas, o del tir\u00f3n. Perfecto para hacerlo con ni\u00f1os, en bici y, por supuesto, con perros.<\/p>\n<h3>4. <strong>REFU F\u00e1brica Alternativa<\/strong><\/h3>\n<p>La f\u00e1brica de cerveza artesana de la Val d\u2019Aran. Puedes escribirles y preguntar por sus visitas guiadas con cata, o degustar sus buen\u00edsimas birras en REFU Birreria.<\/p>\n<h3>5.<strong> Eth Corn\u00e8r<\/strong><\/h3>\n<p>Uno de nuestros restaurantes favoritos en Vielha. Excelente vino de proximidad y de distintas denominaciones, y una carta de platos elaborados con productos de Km0.<\/p>\n<h3>6. <strong>Bosque de Conangles<\/strong><\/h3>\n<p>Si quieres hacer una inmersi\u00f3n total en el otro multicolor, recorrer caminos con una alfombra de hojas y hacerte un buen ba\u00f1o de bosque, del bosque de Conangles es el mejor lugar. Adem\u00e1s, cuenta con un \u00e1rea de picnic para aquellos\/as que dese\u00e9is culminar un plan de oto\u00f1o perfecto.<\/p>\n<p>\u00bfCu\u00e1l es tu sitio favorito de la Val d\u2019Aran? Cu\u00e9ntanoslo en nuestro perfil de Instagram para incluirlo en el siguiente listado.<\/p>\n","protected":false},"excerpt":{"rendered":"<p>Muchos y muchas nos pregunt\u00e1is por los lugares que hay que conocer s\u00ed o s\u00ed en la Val d&#8217;Aran. Si ya est\u00e1s planificando la pr\u00f3xima [&hellip;]<\/p>\n","protected":false},"author":1,"featured_media":3913,"comment_status":"open","ping_status":"open","sticky":false,"template":"","format":"standard","meta":[],"categories":[71],"tags":[209,48,1167,1622,1621,535,1618,664,847,1620,1619,1283,1250,1623,667,818,74],"_links":{"self":[{"href":"http:\/\/www.campingverneda.com\/blog\/wp-json\/wp\/v2\/posts\/4685"}],"collection":[{"href":"http:\/\/www.campingverneda.com\/blog\/wp-json\/wp\/v2\/posts"}],"about":[{"href":"http:\/\/www.campingverneda.com\/blog\/wp-json\/wp\/v2\/types\/post"}],"author":[{"embeddable":true,"href":"http:\/\/www.campingverneda.com\/blog\/wp-json\/wp\/v2\/users\/1"}],"replies":[{"embeddable":true,"href":"http:\/\/www.campingverneda.com\/blog\/wp-json\/wp\/v2\/comments?post=4685"}],"version-history":[{"count":6,"href":"http:\/\/www.campingverneda.com\/blog\/wp-json\/wp\/v2\/posts\/4685\/revisions"}],"predecessor-version":[{"id":4791,"href":"http:\/\/www.campingverneda.com\/blog\/wp-json\/wp\/v2\/posts\/4685\/revisions\/4791"}],"wp:featuredmedia":[{"embeddable":true,"href":"http:\/\/www.campingverneda.com\/blog\/wp-json\/wp\/v2\/media\/3913"}],"wp:attachment":[{"href":"http:\/\/www.campingverneda.com\/blog\/wp-json\/wp\/v2\/media?parent=4685"}],"wp:term":[{"taxonomy":"category","embeddable":true,"href":"http:\/\/www.campingverneda.com\/blog\/wp-json\/wp\/v2\/categories?post=4685"},{"taxonomy":"post_tag","embeddable":true,"href":"http:\/\/www.campingverneda.com\/blog\/wp-json\/wp\/v2\/tags?post=4685"}],"curies":[{"name":"wp","href":"https:\/\/api.w.org\/{rel}","templated":true}]}}