{"id":4681,"date":"2023-10-19T10:24:54","date_gmt":"2023-10-19T10:24:54","guid":{"rendered":"http:\/\/www.campingverneda.com\/blog\/?p=4681"},"modified":"2024-09-16T13:36:59","modified_gmt":"2024-09-16T13:36:59","slug":"somos-turismo-sostenible","status":"publish","type":"post","link":"http:\/\/www.campingverneda.com\/blog\/2023\/10\/19\/somos-turismo-sostenible\/","title":{"rendered":"SOMOS Turismo Sostenible"},"content":{"rendered":"<p>Mucho hablamos de Turismo Sostenible, pero \u00bfsabemos realmente qu\u00e9 significa? Y m\u00e1s importante a\u00fan<strong>, \u00bfqu\u00e9 implica practicar Turismo Sostenible?<\/strong> \u00a1Te lo contamos!<\/p>\n<div id=\"attachment_3571\" style=\"width: 617px\" class=\"wp-caption alignright\"><a href=\"http:\/\/www.campingverneda.com\/blog\/2020\/10\/23\/tradiciones-que-perduran-la-castanada-en-la-val-daran\/verneda-mountain-resort-valdaran\/\" rel=\"attachment wp-att-3571\"><img aria-describedby=\"caption-attachment-3571\" decoding=\"async\" loading=\"lazy\" class=\" wp-image-3571\" src=\"http:\/\/www.campingverneda.com\/blog\/wp-content\/uploads\/2020\/10\/verneda-mountain-resort-valdaran.png\" alt=\"actividades de oto\u00f1o en la val d'aran\" width=\"607\" height=\"664\" srcset=\"http:\/\/www.campingverneda.com\/blog\/wp-content\/uploads\/2020\/10\/verneda-mountain-resort-valdaran-200x219.png 200w, http:\/\/www.campingverneda.com\/blog\/wp-content\/uploads\/2020\/10\/verneda-mountain-resort-valdaran-274x300.png 274w, http:\/\/www.campingverneda.com\/blog\/wp-content\/uploads\/2020\/10\/verneda-mountain-resort-valdaran-400x438.png 400w, http:\/\/www.campingverneda.com\/blog\/wp-content\/uploads\/2020\/10\/verneda-mountain-resort-valdaran-600x656.png 600w, http:\/\/www.campingverneda.com\/blog\/wp-content\/uploads\/2020\/10\/verneda-mountain-resort-valdaran-768x840.png 768w, http:\/\/www.campingverneda.com\/blog\/wp-content\/uploads\/2020\/10\/verneda-mountain-resort-valdaran-800x875.png 800w, http:\/\/www.campingverneda.com\/blog\/wp-content\/uploads\/2020\/10\/verneda-mountain-resort-valdaran-936x1024.png 936w, http:\/\/www.campingverneda.com\/blog\/wp-content\/uploads\/2020\/10\/verneda-mountain-resort-valdaran.png 1056w\" sizes=\"(max-width: 607px) 100vw, 607px\" \/><\/a><p id=\"caption-attachment-3571\" class=\"wp-caption-text\">Bosque de Carlac. Fuente: Turisme Val d&#8217;Aran<\/p><\/div>\n<p>La Organizaci\u00f3n Mundial del Turismo (OMT) -organismo internacional creado en 1975 que tiene como objetivo promover el turismo- d<strong>efine el Turismo Sostenible como \u201cel turismo que tiene plenamente en cuenta las repercusiones actuales y futuras, econ\u00f3micas, sociales y medioambientales<\/strong> para satisfacer las necesidades de los visitantes, de la industria, del entorno y de las comunidades anfitrionas\u201d.<\/p>\n<p>As\u00ed que b\u00e1sicamente podr\u00edamos hablar de Turismo Sostenible cuando ejercemos nuestro derecho de ocio conociendo y recorriendo nuevos lugares<strong> minimizando el impacto en el medio ambiente y la cultura local,<\/strong> y que de manera paralela ayudamos a generar empleo e ingresos para la poblaci\u00f3n del lugar. Por lo que los principios de sostenibilidad se deben aplicar estableciendo un equilibrio entre las cuestiones medioambientales, econ\u00f3micas y socioculturales del desarrollo tur\u00edstico.<\/p>\n<p>Entonces, el Turismo Sostenible cuenta con 3 caracter\u00edsticas b\u00e1sicas:<\/p>\n<h3><strong>1. Cuidado de la Naturaleza<\/strong><\/h3>\n<p>Respetar los ecosistemas naturales y hacer un uso responsable de los recursos medioambientales. Se deben mantener los procesos ecol\u00f3gicos y promover la conservaci\u00f3n de estos recursos y de la diversidad biol\u00f3gica.<\/p>\n<h3><strong>2. Respeto de la cultura y la sociedad local<\/strong><\/h3>\n<p>Velar por los activos culturales y los valores tradicionales, promover el entendimiento y la tolerancia intercultural.<\/p>\n<h3><strong>3. Actividad econ\u00f3mica justa<\/strong><\/h3>\n<p>Preservar unas actividades econ\u00f3micas viables a largo plazo y que aseguren una distribuci\u00f3n justa de la riqueza, lo que engloba las oportunidades de empleo digno, servicios sociales para las comunidades locales, y la disminuci\u00f3n de los \u00edndices de pobreza.<\/p>\n<p>Un buen ejemplo de ser Turismo Sostenible y practicarlo es venir a conocer la Val d\u2019Aran y el entorno natural que lo rodea. En <a href=\"https:\/\/www.instagram.com\/vida.verneda\/\" target=\"_blank\" rel=\"noopener\">Verneda Camping Mountain Resort<\/a> contamos con instalaciones optimizadas para la eficiencia energ\u00e9tica, como las estufas de pellet que utilizamos para calentar nuestros bungalows de madera en la temporada de oto\u00f1o e invierno. Adem\u00e1s, todos los buenos planes que os proponemos durante vuestra estancia promueven estas caracter\u00edsticas que definen el Turismo Sostenible, como <strong>rutas por la monta\u00f1a, espacios gastron\u00f3micas que impulsan los productos de Km0<\/strong> y otras acciones que ayudan a fomentar que viajemos desde el cuidado y el respeto.<strong> \u00bfTe unes al Turismo Sostenible?<\/strong><\/p>\n","protected":false},"excerpt":{"rendered":"<p>Mucho hablamos de Turismo Sostenible, pero \u00bfsabemos realmente qu\u00e9 significa? Y m\u00e1s importante a\u00fan, \u00bfqu\u00e9 implica practicar Turismo Sostenible? \u00a1Te lo contamos! La Organizaci\u00f3n Mundial [&hellip;]<\/p>\n","protected":false},"author":1,"featured_media":3920,"comment_status":"open","ping_status":"open","sticky":false,"template":"","format":"standard","meta":[],"categories":[71,1276],"tags":[1613,1101,1615,1617,1616,627,1104,818,1614],"_links":{"self":[{"href":"http:\/\/www.campingverneda.com\/blog\/wp-json\/wp\/v2\/posts\/4681"}],"collection":[{"href":"http:\/\/www.campingverneda.com\/blog\/wp-json\/wp\/v2\/posts"}],"about":[{"href":"http:\/\/www.campingverneda.com\/blog\/wp-json\/wp\/v2\/types\/post"}],"author":[{"embeddable":true,"href":"http:\/\/www.campingverneda.com\/blog\/wp-json\/wp\/v2\/users\/1"}],"replies":[{"embeddable":true,"href":"http:\/\/www.campingverneda.com\/blog\/wp-json\/wp\/v2\/comments?post=4681"}],"version-history":[{"count":4,"href":"http:\/\/www.campingverneda.com\/blog\/wp-json\/wp\/v2\/posts\/4681\/revisions"}],"predecessor-version":[{"id":4794,"href":"http:\/\/www.campingverneda.com\/blog\/wp-json\/wp\/v2\/posts\/4681\/revisions\/4794"}],"wp:featuredmedia":[{"embeddable":true,"href":"http:\/\/www.campingverneda.com\/blog\/wp-json\/wp\/v2\/media\/3920"}],"wp:attachment":[{"href":"http:\/\/www.campingverneda.com\/blog\/wp-json\/wp\/v2\/media?parent=4681"}],"wp:term":[{"taxonomy":"category","embeddable":true,"href":"http:\/\/www.campingverneda.com\/blog\/wp-json\/wp\/v2\/categories?post=4681"},{"taxonomy":"post_tag","embeddable":true,"href":"http:\/\/www.campingverneda.com\/blog\/wp-json\/wp\/v2\/tags?post=4681"}],"curies":[{"name":"wp","href":"https:\/\/api.w.org\/{rel}","templated":true}]}}