{"id":4675,"date":"2023-10-03T07:12:47","date_gmt":"2023-10-03T07:12:47","guid":{"rendered":"http:\/\/www.campingverneda.com\/blog\/?p=4675"},"modified":"2024-09-16T13:35:15","modified_gmt":"2024-09-16T13:35:15","slug":"clientes-que-son-familia","status":"publish","type":"post","link":"http:\/\/www.campingverneda.com\/blog\/2023\/10\/03\/clientes-que-son-familia\/","title":{"rendered":"Clientes que son familia"},"content":{"rendered":"<div id=\"attachment_4676\" style=\"width: 320px\" class=\"wp-caption alignright\"><a href=\"http:\/\/www.campingverneda.com\/blog\/2023\/10\/03\/clientes-que-son-familia\/campingverneda-valdaran-4\/\" rel=\"attachment wp-att-4676\"><img aria-describedby=\"caption-attachment-4676\" decoding=\"async\" loading=\"lazy\" class=\" wp-image-4676\" src=\"http:\/\/www.campingverneda.com\/blog\/wp-content\/uploads\/2023\/10\/campingverneda-valdaran.jpg\" alt=\"camping verneda clientes de siempre\" width=\"310\" height=\"551\" srcset=\"http:\/\/www.campingverneda.com\/blog\/wp-content\/uploads\/2023\/10\/campingverneda-valdaran-169x300.jpg 169w, http:\/\/www.campingverneda.com\/blog\/wp-content\/uploads\/2023\/10\/campingverneda-valdaran-200x356.jpg 200w, http:\/\/www.campingverneda.com\/blog\/wp-content\/uploads\/2023\/10\/campingverneda-valdaran-400x711.jpg 400w, http:\/\/www.campingverneda.com\/blog\/wp-content\/uploads\/2023\/10\/campingverneda-valdaran-576x1024.jpg 576w, http:\/\/www.campingverneda.com\/blog\/wp-content\/uploads\/2023\/10\/campingverneda-valdaran-600x1067.jpg 600w, http:\/\/www.campingverneda.com\/blog\/wp-content\/uploads\/2023\/10\/campingverneda-valdaran-768x1365.jpg 768w, http:\/\/www.campingverneda.com\/blog\/wp-content\/uploads\/2023\/10\/campingverneda-valdaran-800x1422.jpg 800w, http:\/\/www.campingverneda.com\/blog\/wp-content\/uploads\/2023\/10\/campingverneda-valdaran-864x1536.jpg 864w, http:\/\/www.campingverneda.com\/blog\/wp-content\/uploads\/2023\/10\/campingverneda-valdaran.jpg 900w\" sizes=\"(max-width: 310px) 100vw, 310px\" \/><\/a><p id=\"caption-attachment-4676\" class=\"wp-caption-text\">Txell y Lidia con Jos\u00e9 Manuel Monge<\/p><\/div>\n<p>El verano es tiempo para compartir, para re\u00edr y para disfrutar. Esto lo saben muy bien la familia Camprub\u00ed Alcobeda, que este verano han vuelto a disfrutar de la VIDA Verneda, como hacen a\u00f1o tras a\u00f1o desde hace casi 30 a\u00f1os.<\/p>\n<p>Xon, Salvador y sus dos hijas, Meritxel y Lidia, proceden de Moi\u00e0 (Moian\u00e8s, Barcelona), pero son amantes de la Val d\u2019Aran desde 1995. Ellos son el vivo ejemplo de pasi\u00f3n por nuestra cultura, de respeto por nuestra monta\u00f1as, y de fidelidad absoluta hacia nosotros.<\/p>\n<p>En Verneda Camping Mountain Resort hemos visto crecer a Lidia y a Txell, que verano tras verano llegaban al camping con una sonrisa dici\u00e9ndonos que \u201cllegaban al mejor lugar del mundo\u201d, en el que se encontraban con sus amigos y amigas que tambi\u00e9n llevan un bagaje importante como protagonistas de la #VIDAVerneda, como son Queralt y Nil, de la familia Monleon.<\/p>\n<p>Las largas charlas en su caravana, las deliciosas paellas hechas por Salvador, los postres inigualables, que llevaban a largas sobremesas en las que el director Jos\u00e9 Manuel, y tambi\u00e9n Mar\u00eda, han formado parte y nos ha hecho sentir parte de su maravillosa familia.<\/p>\n<p>El pasado invierno nos mandaron una recopilaci\u00f3n de fotos desde el 1995, que seguimos mirando y nos continuan emocionado. Aqu\u00ed os dejamos algunas fotos, pero si quer\u00e9is verlas todas tan solo ten\u00e9is <a href=\"https:\/\/www.instagram.com\/reel\/ClrAv8Tvwi4\/?igshid=MzRlODBiNWFlZA==\" target=\"_blank\" rel=\"noopener\">hacer click aqu\u00ed<\/a>.<\/p>\n<p>Nos quedamos con una frase de Mertixell que nos alegra el coraz\u00f3n \u201cToda la vida viniendo aqu\u00ed, y s\u00e9 que el d\u00eda de ma\u00f1ana har\u00e9 lo mismo con mis hijos. \u00a1Larga vida a VIDA Verneda!\u201d<\/p>\n<p>Porque los mejores veranos son junto a ellos y ellas. \u00a1Junto a todos vosotros y vosotras!<\/p>\n<p>Ellos y ellas son el reflejo de nuestra visi\u00f3n de que hemos cumplido nuestro objetivo desde hace m\u00e1s de 37 a\u00f1os: conseguir que vosotros, nuestros clientes, os sint\u00e1is como en casa, \u00a1o mejor!<\/p>\n","protected":false},"excerpt":{"rendered":"<p>El verano es tiempo para compartir, para re\u00edr y para disfrutar. Esto lo saben muy bien la familia Camprub\u00ed Alcobeda, que este verano han vuelto [&hellip;]<\/p>\n","protected":false},"author":1,"featured_media":4677,"comment_status":"open","ping_status":"open","sticky":false,"template":"","format":"standard","meta":[],"categories":[69],"tags":[914,495,11,1611,1610,13,818,1612],"_links":{"self":[{"href":"http:\/\/www.campingverneda.com\/blog\/wp-json\/wp\/v2\/posts\/4675"}],"collection":[{"href":"http:\/\/www.campingverneda.com\/blog\/wp-json\/wp\/v2\/posts"}],"about":[{"href":"http:\/\/www.campingverneda.com\/blog\/wp-json\/wp\/v2\/types\/post"}],"author":[{"embeddable":true,"href":"http:\/\/www.campingverneda.com\/blog\/wp-json\/wp\/v2\/users\/1"}],"replies":[{"embeddable":true,"href":"http:\/\/www.campingverneda.com\/blog\/wp-json\/wp\/v2\/comments?post=4675"}],"version-history":[{"count":2,"href":"http:\/\/www.campingverneda.com\/blog\/wp-json\/wp\/v2\/posts\/4675\/revisions"}],"predecessor-version":[{"id":4679,"href":"http:\/\/www.campingverneda.com\/blog\/wp-json\/wp\/v2\/posts\/4675\/revisions\/4679"}],"wp:featuredmedia":[{"embeddable":true,"href":"http:\/\/www.campingverneda.com\/blog\/wp-json\/wp\/v2\/media\/4677"}],"wp:attachment":[{"href":"http:\/\/www.campingverneda.com\/blog\/wp-json\/wp\/v2\/media?parent=4675"}],"wp:term":[{"taxonomy":"category","embeddable":true,"href":"http:\/\/www.campingverneda.com\/blog\/wp-json\/wp\/v2\/categories?post=4675"},{"taxonomy":"post_tag","embeddable":true,"href":"http:\/\/www.campingverneda.com\/blog\/wp-json\/wp\/v2\/tags?post=4675"}],"curies":[{"name":"wp","href":"https:\/\/api.w.org\/{rel}","templated":true}]}}