{"id":4670,"date":"2023-09-26T13:49:18","date_gmt":"2023-09-26T13:49:18","guid":{"rendered":"http:\/\/www.campingverneda.com\/blog\/?p=4670"},"modified":"2024-02-14T11:39:40","modified_gmt":"2024-02-14T11:39:40","slug":"improvisar-tiene-premio","status":"publish","type":"post","link":"http:\/\/www.campingverneda.com\/blog\/2023\/09\/26\/improvisar-tiene-premio\/","title":{"rendered":"Improvisar tiene premio"},"content":{"rendered":"<div id=\"attachment_4672\" style=\"width: 529px\" class=\"wp-caption alignright\"><a href=\"http:\/\/www.campingverneda.com\/blog\/2023\/09\/26\/improvisar-tiene-premio\/valdaran_berrea\/\" rel=\"attachment wp-att-4672\"><img aria-describedby=\"caption-attachment-4672\" decoding=\"async\" loading=\"lazy\" class=\" wp-image-4672\" src=\"http:\/\/www.campingverneda.com\/blog\/wp-content\/uploads\/2023\/09\/valdaran_berrea.png\" alt=\"Val d0aran en otono desde camping verneda\" width=\"519\" height=\"620\" srcset=\"http:\/\/www.campingverneda.com\/blog\/wp-content\/uploads\/2023\/09\/valdaran_berrea-200x239.png 200w, http:\/\/www.campingverneda.com\/blog\/wp-content\/uploads\/2023\/09\/valdaran_berrea-251x300.png 251w, http:\/\/www.campingverneda.com\/blog\/wp-content\/uploads\/2023\/09\/valdaran_berrea-400x478.png 400w, http:\/\/www.campingverneda.com\/blog\/wp-content\/uploads\/2023\/09\/valdaran_berrea-600x717.png 600w, http:\/\/www.campingverneda.com\/blog\/wp-content\/uploads\/2023\/09\/valdaran_berrea.png 655w\" sizes=\"(max-width: 519px) 100vw, 519px\" \/><\/a><p id=\"caption-attachment-4672\" class=\"wp-caption-text\">Fuente_ Torisme dera Val d&#8217;Aran<\/p><\/div>\n<p>En ocasiones, improvisar tiene premio, y es que a veces es mejor dejarse llevar y darse un homenaje a uno mismo, u una misma,<strong> planificar un viaje con nuestros animales de compa\u00f1\u00eda,<\/strong><strong>sorprender a alguna de nuestras personas especiales, y escapar de la rutina<\/strong> para venir a vernos y descubrir<strong> lo mejor de la Val d\u2019Aran en oto\u00f1o<\/strong>.<\/p>\n<p>Si eres de estas personas:<strong> \u00a1tenemos activados unos <a href=\"http:\/\/thelisresa.webcamp.fr\/list.php?camping=verneda&amp;track=692023&amp;type=2&amp;typelocation=2&amp;nb_pers=0&amp;begin=01\/10\/2023&amp;end=08\/10\/2023&amp;duration=7&amp;beginType=0&amp;tolerance=0&amp;lang=es\" target=\"_blank\" rel=\"noopener\">descuentos durante todo el mes de septiembre y de octubre<\/a>, para que reserves un fin de semana en uno de nuestros bungalows de madera!<\/strong> Queremos compartir contigo y con quien tu quieras <a href=\"https:\/\/www.campingverneda.com\/turismo-activo\" target=\"_blank\" rel=\"noopener\">la experiencia de vivir el oto\u00f1o en la Val d\u2019Aran,<\/a> uno de esos momentos en los el d\u00eda empieza con amanecer multicolor, las laderas de las monta\u00f1as transmutan a otra nueva paleta de colores y, de nuevo, el d\u00eda acaba con la hora m\u00e1gica en la que esta transformaci\u00f3n crom\u00e1tica de nuestros picos se une con los atardecer m\u00e1s explosivos del a\u00f1o. \u00bfQu\u00e9 m\u00e1s se puede pedir?<\/p>\n<p>Pues a\u00fan hay m\u00e1s. Adem\u00e1s de este placer visual, <strong>en oto\u00f1o en la Val d\u2019Aran tenemos banda sonora propia, y es la berrea del ciervo<\/strong>. La berrea o brama del ciervo es el momento del periodo de celo, y los machos emiten unos sonidos guturales que retumban entre los bosques. Adem\u00e1s, este momento es el que marca el inicio del oto\u00f1o boreal, y nos acompa\u00f1a unas pocas semanas.<\/p>\n<p>Es<strong> fundamental mantener una distancia prudente<\/strong> ya que hay este ritual de los ciervos \u00fanicamente se realiza ene los espacios en los que las hembras pueden beber y alimentarse, y los machos acuden para encontrase con su har\u00e9n de hembras y hacer que el ciclo natural siga su curso. Si los ciervos, tanto machos como hembras, notan la presencia de personas, este ciclo se rompe. As\u00ed que siempre debemos tener en cuenta que no debemos molestar a estos seres ancestrales y tenemos que mantenernos alejados.<\/p>\n<p>Sigue nuestro <a href=\"https:\/\/www.instagram.com\/vida.verneda\/\" target=\"_blank\" rel=\"noopener\">perfil de Instagram<\/a> para muchos m\u00e1s buenos planes durante el oto\u00f1o en la Val d\u2019Aran, y <a href=\"https:\/\/thelisresa.webcamp.fr\/?camping=verneda&amp;lang=es&amp;PHPSESSID=r7mla8tv72bitir5kl9j488q67\" target=\"_blank\" rel=\"noopener\">reserva ahora con descuento<\/a> tu pr\u00f3xima escapada a <a href=\"https:\/\/www.campingverneda.com\/home\" target=\"_blank\" rel=\"noopener\">Verneda Camping Mountain Resort<\/a>.<\/p>\n","protected":false},"excerpt":{"rendered":"<p>En ocasiones, improvisar tiene premio, y es que a veces es mejor dejarse llevar y darse un homenaje a uno mismo, u una misma, planificar [&hellip;]<\/p>\n","protected":false},"author":1,"featured_media":4671,"comment_status":"open","ping_status":"open","sticky":false,"template":"","format":"standard","meta":[],"categories":[69],"tags":[1167,1151,751,856,1605,1604,674,1608,1609,1607,1606,818],"_links":{"self":[{"href":"http:\/\/www.campingverneda.com\/blog\/wp-json\/wp\/v2\/posts\/4670"}],"collection":[{"href":"http:\/\/www.campingverneda.com\/blog\/wp-json\/wp\/v2\/posts"}],"about":[{"href":"http:\/\/www.campingverneda.com\/blog\/wp-json\/wp\/v2\/types\/post"}],"author":[{"embeddable":true,"href":"http:\/\/www.campingverneda.com\/blog\/wp-json\/wp\/v2\/users\/1"}],"replies":[{"embeddable":true,"href":"http:\/\/www.campingverneda.com\/blog\/wp-json\/wp\/v2\/comments?post=4670"}],"version-history":[{"count":2,"href":"http:\/\/www.campingverneda.com\/blog\/wp-json\/wp\/v2\/posts\/4670\/revisions"}],"predecessor-version":[{"id":4674,"href":"http:\/\/www.campingverneda.com\/blog\/wp-json\/wp\/v2\/posts\/4670\/revisions\/4674"}],"wp:featuredmedia":[{"embeddable":true,"href":"http:\/\/www.campingverneda.com\/blog\/wp-json\/wp\/v2\/media\/4671"}],"wp:attachment":[{"href":"http:\/\/www.campingverneda.com\/blog\/wp-json\/wp\/v2\/media?parent=4670"}],"wp:term":[{"taxonomy":"category","embeddable":true,"href":"http:\/\/www.campingverneda.com\/blog\/wp-json\/wp\/v2\/categories?post=4670"},{"taxonomy":"post_tag","embeddable":true,"href":"http:\/\/www.campingverneda.com\/blog\/wp-json\/wp\/v2\/tags?post=4670"}],"curies":[{"name":"wp","href":"https:\/\/api.w.org\/{rel}","templated":true}]}}