{"id":4665,"date":"2023-09-19T08:36:57","date_gmt":"2023-09-19T08:36:57","guid":{"rendered":"http:\/\/www.campingverneda.com\/blog\/?p=4665"},"modified":"2024-02-14T11:41:35","modified_gmt":"2024-02-14T11:41:35","slug":"escapadas-de-otono","status":"publish","type":"post","link":"http:\/\/www.campingverneda.com\/blog\/2023\/09\/19\/escapadas-de-otono\/","title":{"rendered":"Escapadas de oto\u00f1o"},"content":{"rendered":"<p><a href=\"http:\/\/www.campingverneda.com\/blog\/2019\/09\/17\/la-merce-en-la-val-daran\/ciervo-verneda-camping-mountain\/\" rel=\"attachment wp-att-3300\"><img decoding=\"async\" loading=\"lazy\" class=\" wp-image-3300 alignright\" src=\"http:\/\/www.campingverneda.com\/blog\/wp-content\/uploads\/2019\/09\/ciervo-verneda-camping-mountain.jpg\" alt=\"\" width=\"730\" height=\"516\" srcset=\"http:\/\/www.campingverneda.com\/blog\/wp-content\/uploads\/2019\/09\/ciervo-verneda-camping-mountain-200x141.jpg 200w, http:\/\/www.campingverneda.com\/blog\/wp-content\/uploads\/2019\/09\/ciervo-verneda-camping-mountain-300x212.jpg 300w, http:\/\/www.campingverneda.com\/blog\/wp-content\/uploads\/2019\/09\/ciervo-verneda-camping-mountain-400x283.jpg 400w, http:\/\/www.campingverneda.com\/blog\/wp-content\/uploads\/2019\/09\/ciervo-verneda-camping-mountain-600x424.jpg 600w, http:\/\/www.campingverneda.com\/blog\/wp-content\/uploads\/2019\/09\/ciervo-verneda-camping-mountain-768x543.jpg 768w, http:\/\/www.campingverneda.com\/blog\/wp-content\/uploads\/2019\/09\/ciervo-verneda-camping-mountain-800x566.jpg 800w, http:\/\/www.campingverneda.com\/blog\/wp-content\/uploads\/2019\/09\/ciervo-verneda-camping-mountain.jpg 945w\" sizes=\"(max-width: 730px) 100vw, 730px\" \/><\/a>\u00bfC\u00f3mo est\u00e1is empezando el nuevo curso? En <a href=\"https:\/\/www.facebook.com\/VernedaCampingMountainResort\/\" target=\"_blank\" rel=\"noopener\">Verneda Camping Mountain Resort<\/a> ya nos estamos preparando para el <strong>oto\u00f1o en la Val d\u2019Aran<\/strong>. El oto\u00f1o en este valle de los Pirineos es ese momento en el que se respira mucha calma y las monta\u00f1as se visten de mil colores, \u00bfhas vendido alguna vez a <a href=\"https:\/\/www.campingverneda.com\/\" target=\"_blank\" rel=\"noopener\">Verneda Camping Mountain Resort<\/a> durante el oto\u00f1o? Te lo recomendamos mucho.<\/p>\n<p>Ahora el calor nos da una tregua y es el momento perfecto para alojarse en los <a href=\"https:\/\/www.campingverneda.com\/bungalows\" target=\"_blank\" rel=\"noopener\">bungalows de madera<\/a> hechos a medida para ti y tus personas favoritas, traer las bicis y hacer alguna de las numerosas<strong> rutas que hay disponibles, tanto de carretera como de monta\u00f1a, para los y las amantes del BTT<\/strong> y la adrenalina. Tanto si prefieres venir ligero o ligera de equipaje, como si no dispones de bicicleta, en recepci\u00f3n te ponemos en contacto con <a href=\"https:\/\/www.coposbike.com\/\" target=\"_blank\" rel=\"noopener\">COPOS Bike<\/a> para que puedas alquilar alguna bici, incluso ebike para llegar m\u00e1s lejos pedaleando menos.<\/p>\n<p>Si est\u00e1s pensando en hacer esta escapada de oto\u00f1o, pero lo que te gusta es disfrutar sin sudar mucho, te recomendamos aprovechar el fin de semana en slowmotion con una <strong>caminata ligera por el Camin Reiau, que une los pueblos que forman la Val d\u2019Aran, visitar la Artiga de Lin, conocer la cascada de Saut deth Pish, o recorrer los pueblos de este valle de valles<\/strong>. El oto\u00f1o en la Val d\u2019Aran es perfecto para cualquiera de estos planes ya que no hay el alboroto de gent\u00edo que se acumula durante las temporadas altas de verano e invierno, y tienes m\u00e1s espacio para ti y los tuyos.<\/p>\n<p>Y como es obvio, lo mejor de estas pr\u00f3ximas semanas en la Val d\u2019Aran es comer. \u00bfPrefieres la gastronom\u00eda tradicional o te gusta m\u00e1s la innovaci\u00f3n ene los fogones? \u00bfEres m\u00e1s de vino o de cerveza? Seas de lo que seas, <strong>durante el oto\u00f1o en este rinc\u00f3n de los Pirineos puedes degustar y darte un buen homenaje<\/strong> sin esperar colas y siempre con la mejor atenci\u00f3n al p\u00fablico.<\/p>\n<p>Com\u00e9ntanos en recepci\u00f3n o en nuestro <a href=\"https:\/\/www.instagram.com\/vida.verneda\/\" target=\"_blank\" rel=\"noopener\">perfil de Instagram<\/a> qu\u00e9 es lo que te gusta, y te damos las mejores recomendaciones parra que disfrutes la #VIDAVerneda en oto\u00f1o.<\/p>\n","protected":false},"excerpt":{"rendered":"<p>\u00bfC\u00f3mo est\u00e1is empezando el nuevo curso? En Verneda Camping Mountain Resort ya nos estamos preparando para el oto\u00f1o en la Val d\u2019Aran. El oto\u00f1o en [&hellip;]<\/p>\n","protected":false},"author":1,"featured_media":4209,"comment_status":"open","ping_status":"open","sticky":false,"template":"","format":"standard","meta":[],"categories":[69],"tags":[1601,1151,1596,1598,1597,1266,1192,751,51,1043,11,1603,1591,1599,1600,1602,818],"_links":{"self":[{"href":"http:\/\/www.campingverneda.com\/blog\/wp-json\/wp\/v2\/posts\/4665"}],"collection":[{"href":"http:\/\/www.campingverneda.com\/blog\/wp-json\/wp\/v2\/posts"}],"about":[{"href":"http:\/\/www.campingverneda.com\/blog\/wp-json\/wp\/v2\/types\/post"}],"author":[{"embeddable":true,"href":"http:\/\/www.campingverneda.com\/blog\/wp-json\/wp\/v2\/users\/1"}],"replies":[{"embeddable":true,"href":"http:\/\/www.campingverneda.com\/blog\/wp-json\/wp\/v2\/comments?post=4665"}],"version-history":[{"count":3,"href":"http:\/\/www.campingverneda.com\/blog\/wp-json\/wp\/v2\/posts\/4665\/revisions"}],"predecessor-version":[{"id":4668,"href":"http:\/\/www.campingverneda.com\/blog\/wp-json\/wp\/v2\/posts\/4665\/revisions\/4668"}],"wp:featuredmedia":[{"embeddable":true,"href":"http:\/\/www.campingverneda.com\/blog\/wp-json\/wp\/v2\/media\/4209"}],"wp:attachment":[{"href":"http:\/\/www.campingverneda.com\/blog\/wp-json\/wp\/v2\/media?parent=4665"}],"wp:term":[{"taxonomy":"category","embeddable":true,"href":"http:\/\/www.campingverneda.com\/blog\/wp-json\/wp\/v2\/categories?post=4665"},{"taxonomy":"post_tag","embeddable":true,"href":"http:\/\/www.campingverneda.com\/blog\/wp-json\/wp\/v2\/tags?post=4665"}],"curies":[{"name":"wp","href":"https:\/\/api.w.org\/{rel}","templated":true}]}}