{"id":4661,"date":"2023-09-14T14:03:57","date_gmt":"2023-09-14T14:03:57","guid":{"rendered":"http:\/\/www.campingverneda.com\/blog\/?p=4661"},"modified":"2024-02-14T11:42:32","modified_gmt":"2024-02-14T11:42:32","slug":"gracias-por-otro-verano-top","status":"publish","type":"post","link":"http:\/\/www.campingverneda.com\/blog\/2023\/09\/14\/gracias-por-otro-verano-top\/","title":{"rendered":"Gracias por otro verano TOP"},"content":{"rendered":"<div id=\"attachment_4662\" style=\"width: 496px\" class=\"wp-caption alignright\"><a href=\"http:\/\/www.campingverneda.com\/blog\/2023\/09\/14\/gracias-por-otro-verano-top\/cal-ed-camping_verneda_clientes_oriol-34\/\" rel=\"attachment wp-att-4662\"><img aria-describedby=\"caption-attachment-4662\" decoding=\"async\" loading=\"lazy\" class=\" wp-image-4662\" src=\"http:\/\/www.campingverneda.com\/blog\/wp-content\/uploads\/2023\/09\/CAl-ED-camping_verneda_clientes_oriol-34.png\" alt=\"camping verneda\" width=\"486\" height=\"648\" srcset=\"http:\/\/www.campingverneda.com\/blog\/wp-content\/uploads\/2023\/09\/CAl-ED-camping_verneda_clientes_oriol-34-200x267.png 200w, http:\/\/www.campingverneda.com\/blog\/wp-content\/uploads\/2023\/09\/CAl-ED-camping_verneda_clientes_oriol-34-225x300.png 225w, http:\/\/www.campingverneda.com\/blog\/wp-content\/uploads\/2023\/09\/CAl-ED-camping_verneda_clientes_oriol-34-400x533.png 400w, http:\/\/www.campingverneda.com\/blog\/wp-content\/uploads\/2023\/09\/CAl-ED-camping_verneda_clientes_oriol-34-600x800.png 600w, http:\/\/www.campingverneda.com\/blog\/wp-content\/uploads\/2023\/09\/CAl-ED-camping_verneda_clientes_oriol-34-768x1024.png 768w, http:\/\/www.campingverneda.com\/blog\/wp-content\/uploads\/2023\/09\/CAl-ED-camping_verneda_clientes_oriol-34-800x1067.png 800w, http:\/\/www.campingverneda.com\/blog\/wp-content\/uploads\/2023\/09\/CAl-ED-camping_verneda_clientes_oriol-34-1152x1536.png 1152w, http:\/\/www.campingverneda.com\/blog\/wp-content\/uploads\/2023\/09\/CAl-ED-camping_verneda_clientes_oriol-34-1200x1600.png 1200w, http:\/\/www.campingverneda.com\/blog\/wp-content\/uploads\/2023\/09\/CAl-ED-camping_verneda_clientes_oriol-34-1536x2048.png 1536w, http:\/\/www.campingverneda.com\/blog\/wp-content\/uploads\/2023\/09\/CAl-ED-camping_verneda_clientes_oriol-34.png 3024w\" sizes=\"(max-width: 486px) 100vw, 486px\" \/><\/a><p id=\"caption-attachment-4662\" class=\"wp-caption-text\">Oriol, uno de nuestros fieles clientes desde hace m\u00e1s de 10 a\u00f1os<\/p><\/div>\n<p>Ya estamos en plena \u2018vuelta al cole\u2019, y eso significa que <strong>despedimos otro verano a lo #VIDAVerneda<\/strong>. Un verano que ha estado lleno de momentos preciosos, momentazos que recordaremos durante este nuevo curso escolar, y los siguientes. Un verano en el que hemos re\u00eddo desde el desayuno, hemos descubierto nuevos rincones en nuestro valle de valles y hemos bailado bajo las estrellas con vosotros y vosotras.<\/p>\n<p>Por todo esto, y much\u00edsimo m\u00e1s: <strong>\u00a1MUCH\u00cdSIMAS GRACIAS!<\/strong> Este verano ha sido uno de los mejores que recordamos, con mejor trato entre todos y todas, en el que m\u00e1s nuevas amistades hemos visto forjarse, en el que todos y todas hab\u00e9is compartido buenos momentos, juegos varios, y charlas hasta las tantas, siempre desde el respeto al descanso de los dem\u00e1s. \u00a1GRACIAS!<\/p>\n<p>Como siempre, los y las peques de la casa han sido los y las protagonistas, y con<strong> ellos y ellas hemos disfrutado en cada sesi\u00f3n del Circoloco, en las distintas actividades infantiles<\/strong>, en las ma\u00f1anas y tardes infinitas de piscina, y viendo c\u00f3mo se lanzaban a conocer nuevos amigos y amigas. Esperamos que est\u00e9n teniendo una buen\u00edsima vuelta al cole, \u00a1ya estamos echando de menos sus preguntas sin respuesta, y sus risas a carcajadas!<\/p>\n<p>Queremos dar un agradecimiento especial a todos y todas que <strong>hab\u00e9is venido de vacaciones con vuestros animales de compa\u00f1\u00eda<\/strong>. \u00a1Muchas gracias por no dejarles en casa! G<strong>racias por venir a con vuestros perros, gatos, hurones, cerditos vietnamitas y tortugas, y hacerles part\u00edcipes de vuestras vacaciones<\/strong>. Esperamos que poco a poco se normalice el viajar con nuestros animales, ya que son familia y se merecen viajar siempre con nosotros y nosotras.<\/p>\n<p>Y, por supuesto, <strong>mil millones de gracias a todo el equipo de Verneda Camping Mountain Resort<\/strong>. Podemos decir bien alto que \u00a1tenemos el mejor equipazo del mundo! Gracias a vosotros y vosotras, \u00a1todo ha salido bien! Gracias a Eli y Nuria en recepci\u00f3n, a Tanza y Paola por mantener las instalaciones siempre limpias y en mejor estado, a David por cocinar siempre con mucho cari\u00f1o, y Aitana por atender con la mejor de las sonrisas.<\/p>\n<p>Despedimos otro verano en <a href=\"https:\/\/www.instagram.com\/vida.verneda\/\" target=\"_blank\" rel=\"noopener\">Verneda Camping Mountain Resort<\/a>, nos preparamos para las temporadas de oto\u00f1o e invierno, y esperamos volver a veros compartir buenos momentos con vuestras personas favoritas el pr\u00f3ximo verano.<\/p>\n<p>\u00a1Gracias a todos y todas!<\/p>\n","protected":false},"excerpt":{"rendered":"<p>Ya estamos en plena \u2018vuelta al cole\u2019, y eso significa que despedimos otro verano a lo #VIDAVerneda. Un verano que ha estado lleno de momentos [&hellip;]<\/p>\n","protected":false},"author":1,"featured_media":2624,"comment_status":"open","ping_status":"open","sticky":false,"template":"","format":"standard","meta":[],"categories":[69],"tags":[1595,1437,1594,12,467,1217,91,11,818],"_links":{"self":[{"href":"http:\/\/www.campingverneda.com\/blog\/wp-json\/wp\/v2\/posts\/4661"}],"collection":[{"href":"http:\/\/www.campingverneda.com\/blog\/wp-json\/wp\/v2\/posts"}],"about":[{"href":"http:\/\/www.campingverneda.com\/blog\/wp-json\/wp\/v2\/types\/post"}],"author":[{"embeddable":true,"href":"http:\/\/www.campingverneda.com\/blog\/wp-json\/wp\/v2\/users\/1"}],"replies":[{"embeddable":true,"href":"http:\/\/www.campingverneda.com\/blog\/wp-json\/wp\/v2\/comments?post=4661"}],"version-history":[{"count":2,"href":"http:\/\/www.campingverneda.com\/blog\/wp-json\/wp\/v2\/posts\/4661\/revisions"}],"predecessor-version":[{"id":4664,"href":"http:\/\/www.campingverneda.com\/blog\/wp-json\/wp\/v2\/posts\/4661\/revisions\/4664"}],"wp:featuredmedia":[{"embeddable":true,"href":"http:\/\/www.campingverneda.com\/blog\/wp-json\/wp\/v2\/media\/2624"}],"wp:attachment":[{"href":"http:\/\/www.campingverneda.com\/blog\/wp-json\/wp\/v2\/media?parent=4661"}],"wp:term":[{"taxonomy":"category","embeddable":true,"href":"http:\/\/www.campingverneda.com\/blog\/wp-json\/wp\/v2\/categories?post=4661"},{"taxonomy":"post_tag","embeddable":true,"href":"http:\/\/www.campingverneda.com\/blog\/wp-json\/wp\/v2\/tags?post=4661"}],"curies":[{"name":"wp","href":"https:\/\/api.w.org\/{rel}","templated":true}]}}