{"id":4653,"date":"2023-08-22T13:30:10","date_gmt":"2023-08-22T13:30:10","guid":{"rendered":"http:\/\/www.campingverneda.com\/blog\/?p=4653"},"modified":"2024-02-14T11:43:59","modified_gmt":"2024-02-14T11:43:59","slug":"caminos-compartidos-en-la-val-daran","status":"publish","type":"post","link":"http:\/\/www.campingverneda.com\/blog\/2023\/08\/22\/caminos-compartidos-en-la-val-daran\/","title":{"rendered":"Caminos compartidos en la Val d\u2019Aran"},"content":{"rendered":"<div id=\"attachment_4655\" style=\"width: 367px\" class=\"wp-caption alignright\"><a href=\"http:\/\/www.campingverneda.com\/blog\/2023\/08\/22\/caminos-compartidos-en-la-val-daran\/caminos-compartidos-turisme-valdaran\/\" rel=\"attachment wp-att-4655\"><img aria-describedby=\"caption-attachment-4655\" decoding=\"async\" loading=\"lazy\" class=\" wp-image-4655\" src=\"http:\/\/www.campingverneda.com\/blog\/wp-content\/uploads\/2023\/08\/caminos-compartidos-turisme-valdaran.png\" alt=\"Camping Verneda salidas de senderismo\" width=\"357\" height=\"676\" srcset=\"http:\/\/www.campingverneda.com\/blog\/wp-content\/uploads\/2023\/08\/caminos-compartidos-turisme-valdaran-158x300.png 158w, http:\/\/www.campingverneda.com\/blog\/wp-content\/uploads\/2023\/08\/caminos-compartidos-turisme-valdaran-200x379.png 200w, http:\/\/www.campingverneda.com\/blog\/wp-content\/uploads\/2023\/08\/caminos-compartidos-turisme-valdaran-400x757.png 400w, http:\/\/www.campingverneda.com\/blog\/wp-content\/uploads\/2023\/08\/caminos-compartidos-turisme-valdaran-541x1024.png 541w, http:\/\/www.campingverneda.com\/blog\/wp-content\/uploads\/2023\/08\/caminos-compartidos-turisme-valdaran-600x1136.png 600w, http:\/\/www.campingverneda.com\/blog\/wp-content\/uploads\/2023\/08\/caminos-compartidos-turisme-valdaran.png 654w\" sizes=\"(max-width: 357px) 100vw, 357px\" \/><\/a><p id=\"caption-attachment-4655\" class=\"wp-caption-text\">Caminos compartidos para los amantes del turismo activo<\/p><\/div>\n<p>Caminos Compartidos es una iniciativa que ha lanzado el Conselh Generau d\u2019Aran con sus plataforma de Torisme Val d\u2019Aran.<\/p>\n<p>Como sab\u00e9is, y por si a\u00fan hay alguien que viene por primera vez a la Val d\u2019Aran, todos los caminos est\u00e1n se\u00f1alizados, ya sea para la pr\u00e1ctica de la bicicleta de monta\u00f1a o practicar senderismo en familia. Lo que se est\u00e1 intentando con <strong>Caminos Compartidos es incentivar las buenas pr\u00e1cticas y recomendaciones de los caminos que compartimos todos y todas,<\/strong> al margen de su nivel de exigencia f\u00edsica. Es decir, aquellos caminos por los que pueden circular tanto bicicletas como caminantes, en el que <strong>lo m\u00e1s importante es el respeto para que todas las personas que circulen puedan disfrutar del mismo camino de igual manera.<\/strong><\/p>\n<p>Los senderistas y caminantes son los que deben tener m\u00e1s prioridad respecto a los y las ciclistas, ya que estos se encuentran m\u00e1s expuestos f\u00edsicamente, m\u00e1s a\u00fan cuando camino con los y las peques de casa. Por eso, siempre que un\/a ciclista vea un senderista en su camino, debe frenar de forma suave, sin derrapar para no causar ni levantar polvo, teniendo siempre una actitud positiva. Sin embargo, para los y las senderistas, se les recomienda que en el transcurso de este tipo de senderos, vayan siempre agrupados y dejando espacio para los y las amantes de las rutas en bici.<\/p>\n<p>Tanto aficionados y aficionadas de la bici como senderistas, es importante recordar que <strong>no deben salirse de las rutas se\u00f1alizadas<\/strong>, ya que es la mejor forma respetar el entono y la conservaci\u00f3n de los caminos.<\/p>\n<p>\u00bfTienes plan de hacer una ruta en bici o caminando este verano? Recuerda lo siguiente:<br \/>\n&#8211; Planifica tu salida.<br \/>\n&#8211; Ven bien preparado\/a con el material necesario.<br \/>\n&#8211; Preparada tu track, tu ruta.<br \/>\n&#8211; Lleva siempre el m\u00f3vil con bater\u00eda.<\/p>\n<p>Lo m\u00e1s importante para conservar la monta\u00f1a es respetarla, y toda las acciones empiezan por nosotros y nosotras. \u00a1Disfruta los caminos compartidos con sentido com\u00fan!<\/p>\n","protected":false},"excerpt":{"rendered":"<p>Caminos Compartidos es una iniciativa que ha lanzado el Conselh Generau d\u2019Aran con sus plataforma de Torisme Val d\u2019Aran. Como sab\u00e9is, y por si a\u00fan [&hellip;]<\/p>\n","protected":false},"author":1,"featured_media":4654,"comment_status":"open","ping_status":"open","sticky":false,"template":"","format":"standard","meta":[],"categories":[71],"tags":[1589,1591,1592,1593,1590,1576,1577,818],"_links":{"self":[{"href":"http:\/\/www.campingverneda.com\/blog\/wp-json\/wp\/v2\/posts\/4653"}],"collection":[{"href":"http:\/\/www.campingverneda.com\/blog\/wp-json\/wp\/v2\/posts"}],"about":[{"href":"http:\/\/www.campingverneda.com\/blog\/wp-json\/wp\/v2\/types\/post"}],"author":[{"embeddable":true,"href":"http:\/\/www.campingverneda.com\/blog\/wp-json\/wp\/v2\/users\/1"}],"replies":[{"embeddable":true,"href":"http:\/\/www.campingverneda.com\/blog\/wp-json\/wp\/v2\/comments?post=4653"}],"version-history":[{"count":4,"href":"http:\/\/www.campingverneda.com\/blog\/wp-json\/wp\/v2\/posts\/4653\/revisions"}],"predecessor-version":[{"id":4659,"href":"http:\/\/www.campingverneda.com\/blog\/wp-json\/wp\/v2\/posts\/4653\/revisions\/4659"}],"wp:featuredmedia":[{"embeddable":true,"href":"http:\/\/www.campingverneda.com\/blog\/wp-json\/wp\/v2\/media\/4654"}],"wp:attachment":[{"href":"http:\/\/www.campingverneda.com\/blog\/wp-json\/wp\/v2\/media?parent=4653"}],"wp:term":[{"taxonomy":"category","embeddable":true,"href":"http:\/\/www.campingverneda.com\/blog\/wp-json\/wp\/v2\/categories?post=4653"},{"taxonomy":"post_tag","embeddable":true,"href":"http:\/\/www.campingverneda.com\/blog\/wp-json\/wp\/v2\/tags?post=4653"}],"curies":[{"name":"wp","href":"https:\/\/api.w.org\/{rel}","templated":true}]}}