{"id":4645,"date":"2023-08-14T11:21:35","date_gmt":"2023-08-14T11:21:35","guid":{"rendered":"http:\/\/www.campingverneda.com\/blog\/?p=4645"},"modified":"2024-02-14T12:00:46","modified_gmt":"2024-02-14T12:00:46","slug":"lo-mejor-del-verano","status":"publish","type":"post","link":"http:\/\/www.campingverneda.com\/blog\/2023\/08\/14\/lo-mejor-del-verano\/","title":{"rendered":"Lo mejor del verano"},"content":{"rendered":"<div id=\"attachment_4647\" style=\"width: 447px\" class=\"wp-caption alignright\"><a href=\"http:\/\/www.campingverneda.com\/blog\/2023\/08\/14\/lo-mejor-del-verano\/verneda-pisicna-verano-valdaran\/\" rel=\"attachment wp-att-4647\"><img aria-describedby=\"caption-attachment-4647\" decoding=\"async\" loading=\"lazy\" class=\" wp-image-4647\" src=\"http:\/\/www.campingverneda.com\/blog\/wp-content\/uploads\/2023\/08\/verneda-pisicna-verano-valdaran.png\" alt=\"Camping Verneda para el verano\" width=\"437\" height=\"556\" srcset=\"http:\/\/www.campingverneda.com\/blog\/wp-content\/uploads\/2023\/08\/verneda-pisicna-verano-valdaran-200x254.png 200w, http:\/\/www.campingverneda.com\/blog\/wp-content\/uploads\/2023\/08\/verneda-pisicna-verano-valdaran-236x300.png 236w, http:\/\/www.campingverneda.com\/blog\/wp-content\/uploads\/2023\/08\/verneda-pisicna-verano-valdaran-400x509.png 400w, http:\/\/www.campingverneda.com\/blog\/wp-content\/uploads\/2023\/08\/verneda-pisicna-verano-valdaran-600x763.png 600w, http:\/\/www.campingverneda.com\/blog\/wp-content\/uploads\/2023\/08\/verneda-pisicna-verano-valdaran-768x977.png 768w, http:\/\/www.campingverneda.com\/blog\/wp-content\/uploads\/2023\/08\/verneda-pisicna-verano-valdaran-800x1017.png 800w, http:\/\/www.campingverneda.com\/blog\/wp-content\/uploads\/2023\/08\/verneda-pisicna-verano-valdaran-805x1024.png 805w, http:\/\/www.campingverneda.com\/blog\/wp-content\/uploads\/2023\/08\/verneda-pisicna-verano-valdaran.png 872w\" sizes=\"(max-width: 437px) 100vw, 437px\" \/><\/a><p id=\"caption-attachment-4647\" class=\"wp-caption-text\">Golden hour<\/p><\/div>\n<p>Lo mejor del verano en la Val d\u2019Aran es todo. Lo m\u00e1s importante es el t<strong>iempo que pasamos de vacaciones en familia<\/strong>, juntos y juntas. Cada familia es \u00fanica, con sus funcionalidades y funcionalidades, y puede estar compuesta de madre, abuela y ni\u00f1os; padre, madre y perrita; abuelos, padres, gato y ni\u00f1a\u2026 \u00a1Hay tantos tipos de familia como de m\u00fasica en Spotify! Y lo mejor del verano son esos d\u00edas interminables, sin obligaciones, jugando y riendo.<\/p>\n<p>Nos levantamos con calma, sin prisa, desayunamos juntos y juntas, ya sea en nuestra zona de acampada, en el bungalow o en bar junto a la piscina para el primer ba\u00f1o del d\u00eda. Nos preparamos y nos vamos de aventura a <strong>conocer cada d\u00eda una nueva ruta de la Val d\u2019Aran<\/strong>. \u00a1Los caminos son infinitos y para todos los niveles! Incluso, si estamos con ganas, podemos probar a hacer alguna ruta guiada en bici el\u00e9ctrica de COPOS Bike\u2026 \u00bfQu\u00e9 te apetece hacer?<\/p>\n<p>Hacemos una parasita para comer rico, puede ser un bocadillo para ser la excursi\u00f3n del d\u00eda, o en uno de los muchos restaurantes de los pueblos que forman la Val d\u2019Aran y que adaptan su carta gastron\u00f3mica durante el verano, o uno de los riqu\u00edsimos platos de nuestro chef en el <a href=\"https:\/\/www.campingverneda.com\/restaurante\" target=\"_blank\" rel=\"noopener\">restaurante de Verneda Camping Mountain Resort<\/a>\u2026 \u00a1Una delicia para saborear en la mejor compa\u00f1\u00eda!<\/p>\n<h3><strong>La tarde es para los y las peques de la casa con nuestro Circoloco y las actividades infantiles<\/strong>.<\/h3>\n<p>Puedes consultar la programaci\u00f3n infantil durante el verano en Verneda Camping Mountain Resort en nuestro p<a href=\"https:\/\/www.instagram.com\/vida.verneda\/\" target=\"_blank\" rel=\"noopener\">erfil de Instagram<\/a>.<\/p>\n<p>Y si vienes sin peques, \u00bfhay algo mejor que disfrutar de una buena siesta bajo la sombra de los \u00e1rboles entre ba\u00f1os en la piscina de cloraci\u00f3n salina y poni\u00e9ndote al d\u00eda con esos libros que ten\u00edas pendientes?<\/p>\n<p>Para que el d\u00eda sea s\u00faper completo, y acabe de la mejor forma posible,<strong> todos los jueves tenemos m\u00fasica en directo<\/strong> para amenizar la cena en el restaurante y desbloquear un poco la cadera mientras bailamos\u2026 \u00bfTe animas?<\/p>\n<p>\u00a1Disfruta del verano a lo #VIDAVerneda!<\/p>\n","protected":false},"excerpt":{"rendered":"<p>Lo mejor del verano en la Val d\u2019Aran es todo. Lo m\u00e1s importante es el tiempo que pasamos de vacaciones en familia, juntos y juntas. [&hellip;]<\/p>\n","protected":false},"author":1,"featured_media":4646,"comment_status":"open","ping_status":"open","sticky":false,"template":"","format":"standard","meta":[],"categories":[1,72],"tags":[262,662,12,1217,91,11,516,911,1588,298,818,1238,1324],"_links":{"self":[{"href":"http:\/\/www.campingverneda.com\/blog\/wp-json\/wp\/v2\/posts\/4645"}],"collection":[{"href":"http:\/\/www.campingverneda.com\/blog\/wp-json\/wp\/v2\/posts"}],"about":[{"href":"http:\/\/www.campingverneda.com\/blog\/wp-json\/wp\/v2\/types\/post"}],"author":[{"embeddable":true,"href":"http:\/\/www.campingverneda.com\/blog\/wp-json\/wp\/v2\/users\/1"}],"replies":[{"embeddable":true,"href":"http:\/\/www.campingverneda.com\/blog\/wp-json\/wp\/v2\/comments?post=4645"}],"version-history":[{"count":5,"href":"http:\/\/www.campingverneda.com\/blog\/wp-json\/wp\/v2\/posts\/4645\/revisions"}],"predecessor-version":[{"id":4796,"href":"http:\/\/www.campingverneda.com\/blog\/wp-json\/wp\/v2\/posts\/4645\/revisions\/4796"}],"wp:featuredmedia":[{"embeddable":true,"href":"http:\/\/www.campingverneda.com\/blog\/wp-json\/wp\/v2\/media\/4646"}],"wp:attachment":[{"href":"http:\/\/www.campingverneda.com\/blog\/wp-json\/wp\/v2\/media?parent=4645"}],"wp:term":[{"taxonomy":"category","embeddable":true,"href":"http:\/\/www.campingverneda.com\/blog\/wp-json\/wp\/v2\/categories?post=4645"},{"taxonomy":"post_tag","embeddable":true,"href":"http:\/\/www.campingverneda.com\/blog\/wp-json\/wp\/v2\/tags?post=4645"}],"curies":[{"name":"wp","href":"https:\/\/api.w.org\/{rel}","templated":true}]}}