{"id":4639,"date":"2023-08-11T11:25:18","date_gmt":"2023-08-11T11:25:18","guid":{"rendered":"http:\/\/www.campingverneda.com\/blog\/?p=4639"},"modified":"2024-09-16T13:27:55","modified_gmt":"2024-09-16T13:27:55","slug":"minimizar-nuestra-huella-ambiental","status":"publish","type":"post","link":"http:\/\/www.campingverneda.com\/blog\/2023\/08\/11\/minimizar-nuestra-huella-ambiental\/","title":{"rendered":"Minimizar nuestra huella ambiental"},"content":{"rendered":"<div id=\"attachment_4640\" style=\"width: 341px\" class=\"wp-caption alignright\"><a href=\"http:\/\/www.campingverneda.com\/blog\/2023\/08\/11\/minimizar-nuestra-huella-ambiental\/campingverneda-valdaranjpg\/\" rel=\"attachment wp-att-4640\"><img aria-describedby=\"caption-attachment-4640\" decoding=\"async\" loading=\"lazy\" class=\" wp-image-4640\" src=\"http:\/\/www.campingverneda.com\/blog\/wp-content\/uploads\/2023\/08\/campingverneda-valdaranJPG-scaled.jpg\" alt=\"Camping Verneda\" width=\"331\" height=\"497\" srcset=\"http:\/\/www.campingverneda.com\/blog\/wp-content\/uploads\/2023\/08\/campingverneda-valdaranJPG-200x300.jpg 200w, http:\/\/www.campingverneda.com\/blog\/wp-content\/uploads\/2023\/08\/campingverneda-valdaranJPG-400x599.jpg 400w, http:\/\/www.campingverneda.com\/blog\/wp-content\/uploads\/2023\/08\/campingverneda-valdaranJPG-600x899.jpg 600w, http:\/\/www.campingverneda.com\/blog\/wp-content\/uploads\/2023\/08\/campingverneda-valdaranJPG-683x1024.jpg 683w, http:\/\/www.campingverneda.com\/blog\/wp-content\/uploads\/2023\/08\/campingverneda-valdaranJPG-768x1151.jpg 768w, http:\/\/www.campingverneda.com\/blog\/wp-content\/uploads\/2023\/08\/campingverneda-valdaranJPG-800x1199.jpg 800w, http:\/\/www.campingverneda.com\/blog\/wp-content\/uploads\/2023\/08\/campingverneda-valdaranJPG-1025x1536.jpg 1025w, http:\/\/www.campingverneda.com\/blog\/wp-content\/uploads\/2023\/08\/campingverneda-valdaranJPG-1200x1798.jpg 1200w, http:\/\/www.campingverneda.com\/blog\/wp-content\/uploads\/2023\/08\/campingverneda-valdaranJPG-1367x2048.jpg 1367w, http:\/\/www.campingverneda.com\/blog\/wp-content\/uploads\/2023\/08\/campingverneda-valdaranJPG-scaled.jpg 1708w\" sizes=\"(max-width: 331px) 100vw, 331px\" \/><\/a><p id=\"caption-attachment-4640\" class=\"wp-caption-text\">Cuidamos de ti y de los tuyos<\/p><\/div>\n<p>Todos y todas ten\u00edamos muchas ganas de que comenzase el mes de agosto para empaquetar justo lo que necesitamos, en ocasiones algo m\u00e1s \u201cpor si acaso\u201d, y llegar a nuestro destino de vacaciones. <strong>Agosto es sin\u00f3nimo de verano, vacaciones, despedirnos hasta septiembre de las rutinas<\/strong> de trabajo, el deporte planificado para eliminar el estr\u00e9s, la dieta para sentirnos bien tras tantas horas de trabajo, y respirar para lo que nos viene\u2026<\/p>\n<p>Aunque en agosto nos olvidemos de los quehaceres, s\u00ed os pedimos por favor que os involucr\u00e9is con nosotros y nosotras en <strong>minimizar nuestra huella ambiental durante las vacaciones.<\/strong> Ya vengas a <a href=\"https:\/\/www.campingverneda.com\/experiencias\" target=\"_blank\" rel=\"noopener\">Verneda Camping Mountain Resort<\/a>, o est\u00e9s leyendo esto desde un destino de playa o ciudad, a estas alturas<strong> resulta fundamental que nos unamos todos y todas para, al menos, ser conscientes de lo que dejamos a la nueva generaci\u00f3n con nuestras acciones vacacionales<\/strong>.<\/p>\n<p>Lo primero de todo y lo m\u00e1s importante es que <strong>en todas vuestras excursiones o paseos, dej\u00e9is el camino m\u00e1s limpio de lo que lo hab\u00e9is encontrado<\/strong>. Esto significa<strong> no tirar nunca ning\u00fan desecho al suelo<\/strong> o alrededores y, en el caso de encontrarnos alg\u00fan residuo, recogerlo. \u00a1Y esto incluye colillas, tambi\u00e9n las biodegradables! Siempre que tengas el impulso innato de tirar una colilla al suelo, aunque est\u00e9s en la ciudad, recuerda que esa colilla, por muy biodegradable que sea, puede llegar a contaminar hasta 10.000 litros de agua. \u00bfMerece la pena?<\/p>\n<p>Sabemos que las vacaciones son para soltar el reloj, las alarmas y deshacernos del tiempo en general. Pero <strong>en la ducha s\u00ed debemos llevar siempre de un control del tiempo<\/strong>, no por nosotros o nosotras, sino por el gasto del agua en s\u00ed mismo. El agua es un tesoro que debemos valorar y al que no todo el mundo tiene acceso. <strong>Debemos utilizar las duchas y los grifos con responsabilidad moral.<\/strong> \u00bfLo hacemos juntes? Lo ideal ser\u00eda ducharse en no m\u00e1s de dos minutos, con una buena canci\u00f3n que nos anime, y siempre cerrando el grifo mientras nos enjabonamos. Y similar para lavar los platos: enjuagamos, cerramos el grifo mientras enjabonamos, aclaramos con poca presi\u00f3n, \u00a1no hace falta la m\u00e1xima presi\u00f3n! Cada gota cuenta\u2026<\/p>\n<p>S\u00edguenos en <a href=\"https:\/\/www.instagram.com\/vida.verneda\/\" target=\"_blank\" rel=\"noopener\">Instagram<\/a> y <a href=\"https:\/\/www.facebook.com\/VernedaCampingMountainResort\/\" target=\"_blank\" rel=\"noopener\">Facebook<\/a> para m\u00e1s tips ecofriendly. \u00a1Entre todos y todas podemos crear el cambio!<\/p>\n","protected":false},"excerpt":{"rendered":"<p>Todos y todas ten\u00edamos muchas ganas de que comenzase el mes de agosto para empaquetar justo lo que necesitamos, en ocasiones algo m\u00e1s \u201cpor si [&hellip;]<\/p>\n","protected":false},"author":1,"featured_media":4641,"comment_status":"open","ping_status":"open","sticky":false,"template":"","format":"standard","meta":[],"categories":[1276,69],"tags":[1101,11,627,1104,818],"_links":{"self":[{"href":"http:\/\/www.campingverneda.com\/blog\/wp-json\/wp\/v2\/posts\/4639"}],"collection":[{"href":"http:\/\/www.campingverneda.com\/blog\/wp-json\/wp\/v2\/posts"}],"about":[{"href":"http:\/\/www.campingverneda.com\/blog\/wp-json\/wp\/v2\/types\/post"}],"author":[{"embeddable":true,"href":"http:\/\/www.campingverneda.com\/blog\/wp-json\/wp\/v2\/users\/1"}],"replies":[{"embeddable":true,"href":"http:\/\/www.campingverneda.com\/blog\/wp-json\/wp\/v2\/comments?post=4639"}],"version-history":[{"count":2,"href":"http:\/\/www.campingverneda.com\/blog\/wp-json\/wp\/v2\/posts\/4639\/revisions"}],"predecessor-version":[{"id":4643,"href":"http:\/\/www.campingverneda.com\/blog\/wp-json\/wp\/v2\/posts\/4639\/revisions\/4643"}],"wp:featuredmedia":[{"embeddable":true,"href":"http:\/\/www.campingverneda.com\/blog\/wp-json\/wp\/v2\/media\/4641"}],"wp:attachment":[{"href":"http:\/\/www.campingverneda.com\/blog\/wp-json\/wp\/v2\/media?parent=4639"}],"wp:term":[{"taxonomy":"category","embeddable":true,"href":"http:\/\/www.campingverneda.com\/blog\/wp-json\/wp\/v2\/categories?post=4639"},{"taxonomy":"post_tag","embeddable":true,"href":"http:\/\/www.campingverneda.com\/blog\/wp-json\/wp\/v2\/tags?post=4639"}],"curies":[{"name":"wp","href":"https:\/\/api.w.org\/{rel}","templated":true}]}}