{"id":4632,"date":"2023-08-01T15:10:04","date_gmt":"2023-08-01T15:10:04","guid":{"rendered":"http:\/\/www.campingverneda.com\/blog\/?p=4632"},"modified":"2024-02-14T11:50:17","modified_gmt":"2024-02-14T11:50:17","slug":"vacaciones-de-verano-en-el-pirineo-de-lleida","status":"publish","type":"post","link":"http:\/\/www.campingverneda.com\/blog\/2023\/08\/01\/vacaciones-de-verano-en-el-pirineo-de-lleida\/","title":{"rendered":"Vacaciones relax en la monta\u00f1a"},"content":{"rendered":"<div id=\"attachment_4634\" style=\"width: 420px\" class=\"wp-caption alignright\"><a href=\"http:\/\/www.campingverneda.com\/blog\/2023\/08\/01\/vacaciones-de-verano-en-el-pirineo-de-lleida\/campingverneda-familia-lleida-vielha\/\" rel=\"attachment wp-att-4634\"><img aria-describedby=\"caption-attachment-4634\" decoding=\"async\" loading=\"lazy\" class=\" wp-image-4634\" src=\"http:\/\/www.campingverneda.com\/blog\/wp-content\/uploads\/2023\/08\/campingverneda-familia-lleida-vielha.jpg\" alt=\"camping verneda cerca de vielha\" width=\"410\" height=\"615\" srcset=\"http:\/\/www.campingverneda.com\/blog\/wp-content\/uploads\/2023\/08\/campingverneda-familia-lleida-vielha-200x300.jpg 200w, http:\/\/www.campingverneda.com\/blog\/wp-content\/uploads\/2023\/08\/campingverneda-familia-lleida-vielha-400x600.jpg 400w, http:\/\/www.campingverneda.com\/blog\/wp-content\/uploads\/2023\/08\/campingverneda-familia-lleida-vielha-600x899.jpg 600w, http:\/\/www.campingverneda.com\/blog\/wp-content\/uploads\/2023\/08\/campingverneda-familia-lleida-vielha-683x1024.jpg 683w, http:\/\/www.campingverneda.com\/blog\/wp-content\/uploads\/2023\/08\/campingverneda-familia-lleida-vielha-768x1151.jpg 768w, http:\/\/www.campingverneda.com\/blog\/wp-content\/uploads\/2023\/08\/campingverneda-familia-lleida-vielha-800x1199.jpg 800w, http:\/\/www.campingverneda.com\/blog\/wp-content\/uploads\/2023\/08\/campingverneda-familia-lleida-vielha.jpg 1000w\" sizes=\"(max-width: 410px) 100vw, 410px\" \/><\/a><p id=\"caption-attachment-4634\" class=\"wp-caption-text\">Momentos en familia a lo #VIDAVerneda<\/p><\/div>\n<p>Agosto es el mes en el que m\u00e1s personas ven\u00eds a visitarnos, \u00a1porque es el mes de las vacaciones para todas y todos! Y cada a\u00f1o nos esforzamos al m\u00e1ximo para que est\u00e9is comod\u00edsimos y comod\u00edsimas durante vuestras <strong>vacaciones en este valle de los Pirineos.<\/strong><\/p>\n<p>Escuchando vuestras sugerencias, de las cuales siempre tomamos nota, el pasado a\u00f1o <strong>adaptamos el tama\u00f1o de las parcelas<\/strong>, para que pod\u00e1is elegir el espacio que necesit\u00e1is, y disfrutar como os merec\u00e9is de las s\u00faper merecidas vacaciones. A\u00fan as\u00ed, para que todos y todas pod\u00e1is deleitaros por igual durante estas <strong>vacaciones de relax, y muchas risas<\/strong>, aqu\u00ed os dejamos unas recomendaciones para que este mes de agosto sea tan bueno como lo hab\u00e9is estado imaginando mientras organizabais el viaje.<\/p>\n<p>\u00b7 <strong>Somos un espacio petfriendly<\/strong>, pero entendemos que hay personas a las que les cuesta lidiar con nuestros maravillosos animales. As\u00ed que, empatizando con todas las personas, los perros, gatos, hurones, y otros animales fabulosos, deben ir siempre atados en las instalaciones de Verneda Camping Mountain Resort.<\/p>\n<p>\u00b7 La <strong>piscina<\/strong> de cloraci\u00f3n salina es un<strong> oasis durante las vacaciones<\/strong>. Por un lado, utilizamos el m\u00e9todo de cloraci\u00f3n salina para ahorra agua, por eficiencia energ\u00e9tica y para seguir nuestro camino de la sostenibilidad a lo #VIDAVerneda, siempre intentando mejorar. Por ello, os pedimos que antes de entrar a la piscina os duch\u00e9is y, sobre todo, que no entr\u00e9is con colchonetas ni ferrys hinchables. Durante este mes somos muchos, y as\u00ed podemos<strong> disfrutar todos por igual.<\/strong><\/p>\n<p>\u00b7 Desconocemos lo que ha sido el a\u00f1o de nuestro vecino o vecina de camping o bungalow, y aqu\u00ed se viene a descansar y cargar pilas para hacer frente al resto del a\u00f1o. Cuando veamos actitudes que no compartimos, siempre comunica tu parecer de manera asertiva. Y sobre todo,<strong> sonr\u00ede al saludar<\/strong>, que siempre se contagia la sonrisa.<\/p>\n<p>\u00b7 Y a la hora de dormir, se duerme, o se lee, se abraza, o se ve una serie con auriculares o el volumen suficientemente bajito como para no perturbar el descanso del resto de personas.<\/p>\n<p>Si entre todos y todas ponemos nuestro granito de arena, incluso el mes de agosto puede ser de relax para quien as\u00ed lo elija. Empatiza con las personas que te rodean y goza la #VIDAVerneda este verano.<\/p>\n","protected":false},"excerpt":{"rendered":"<p>Agosto es el mes en el que m\u00e1s personas ven\u00eds a visitarnos, \u00a1porque es el mes de las vacaciones para todas y todos! Y cada [&hellip;]<\/p>\n","protected":false},"author":1,"featured_media":4633,"comment_status":"open","ping_status":"open","sticky":false,"template":"","format":"standard","meta":[],"categories":[69],"tags":[1151,1586,611,782,715,1217,51,1101,11,1587,818],"_links":{"self":[{"href":"http:\/\/www.campingverneda.com\/blog\/wp-json\/wp\/v2\/posts\/4632"}],"collection":[{"href":"http:\/\/www.campingverneda.com\/blog\/wp-json\/wp\/v2\/posts"}],"about":[{"href":"http:\/\/www.campingverneda.com\/blog\/wp-json\/wp\/v2\/types\/post"}],"author":[{"embeddable":true,"href":"http:\/\/www.campingverneda.com\/blog\/wp-json\/wp\/v2\/users\/1"}],"replies":[{"embeddable":true,"href":"http:\/\/www.campingverneda.com\/blog\/wp-json\/wp\/v2\/comments?post=4632"}],"version-history":[{"count":3,"href":"http:\/\/www.campingverneda.com\/blog\/wp-json\/wp\/v2\/posts\/4632\/revisions"}],"predecessor-version":[{"id":4637,"href":"http:\/\/www.campingverneda.com\/blog\/wp-json\/wp\/v2\/posts\/4632\/revisions\/4637"}],"wp:featuredmedia":[{"embeddable":true,"href":"http:\/\/www.campingverneda.com\/blog\/wp-json\/wp\/v2\/media\/4633"}],"wp:attachment":[{"href":"http:\/\/www.campingverneda.com\/blog\/wp-json\/wp\/v2\/media?parent=4632"}],"wp:term":[{"taxonomy":"category","embeddable":true,"href":"http:\/\/www.campingverneda.com\/blog\/wp-json\/wp\/v2\/categories?post=4632"},{"taxonomy":"post_tag","embeddable":true,"href":"http:\/\/www.campingverneda.com\/blog\/wp-json\/wp\/v2\/tags?post=4632"}],"curies":[{"name":"wp","href":"https:\/\/api.w.org\/{rel}","templated":true}]}}