{"id":4572,"date":"2023-06-23T14:21:30","date_gmt":"2023-06-23T14:21:30","guid":{"rendered":"http:\/\/www.campingverneda.com\/blog\/?p=4572"},"modified":"2024-02-14T12:04:23","modified_gmt":"2024-02-14T12:04:23","slug":"el-verano-ya-esta-aqui","status":"publish","type":"post","link":"http:\/\/www.campingverneda.com\/blog\/2023\/06\/23\/el-verano-ya-esta-aqui\/","title":{"rendered":"\u00a1El verano ya est\u00e1 aqu\u00ed!"},"content":{"rendered":"<div id=\"attachment_3951\" style=\"width: 445px\" class=\"wp-caption alignright\"><a href=\"http:\/\/www.campingverneda.com\/blog\/2022\/01\/12\/cuato-sabes-sobre-verneda-campingmountainresort\/verneda-camping-mountainresort-valdaran-2\/\" rel=\"attachment wp-att-3951\"><img aria-describedby=\"caption-attachment-3951\" decoding=\"async\" loading=\"lazy\" class=\" wp-image-3951\" src=\"http:\/\/www.campingverneda.com\/blog\/wp-content\/uploads\/2022\/01\/verneda-camping-mountainresort-valdaran.jpg\" alt=\"Camping Verneda en el coraz\u00f3n de la Val d'Aran\" width=\"435\" height=\"653\" srcset=\"http:\/\/www.campingverneda.com\/blog\/wp-content\/uploads\/2022\/01\/verneda-camping-mountainresort-valdaran-200x300.jpg 200w, http:\/\/www.campingverneda.com\/blog\/wp-content\/uploads\/2022\/01\/verneda-camping-mountainresort-valdaran-400x600.jpg 400w, http:\/\/www.campingverneda.com\/blog\/wp-content\/uploads\/2022\/01\/verneda-camping-mountainresort-valdaran-600x899.jpg 600w, http:\/\/www.campingverneda.com\/blog\/wp-content\/uploads\/2022\/01\/verneda-camping-mountainresort-valdaran-683x1024.jpg 683w, http:\/\/www.campingverneda.com\/blog\/wp-content\/uploads\/2022\/01\/verneda-camping-mountainresort-valdaran-768x1151.jpg 768w, http:\/\/www.campingverneda.com\/blog\/wp-content\/uploads\/2022\/01\/verneda-camping-mountainresort-valdaran-800x1199.jpg 800w, http:\/\/www.campingverneda.com\/blog\/wp-content\/uploads\/2022\/01\/verneda-camping-mountainresort-valdaran.jpg 1000w\" sizes=\"(max-width: 435px) 100vw, 435px\" \/><\/a><p id=\"caption-attachment-3951\" class=\"wp-caption-text\">Zona de camping<\/p><\/div>\n<p>Ya estamos en uno de los momentos favoritos de Verneda Camping Mountain Resort. \u00a1El verano ya est\u00e1 aqu\u00ed! Ahora notamos los d\u00edas m\u00e1s largos, lo que significa m\u00e1s horas de disfrute haciendo cualquier cosa que te guste, nos levantamos con m\u00e1s energ\u00eda, con muchas ganas de hacerlo todo y, tambi\u00e9n con ganas de no hacer nada, \u00a1s\u00f3lo pasarlo bien!<\/p>\n<p>Tambi\u00e9n en verano es momento de pasarnos las horas en nuestra piscina de cloraci\u00f3n salina, de comer en nuestra terraza del restaurante bajo la sombra, de salir a explorar la fauna y flora locales que ya han salido de sus madrigueras de hibernaci\u00f3n, de contemplar todas las especies de aves que pasan por Verneda Camping Mountain Resort en sus migraciones t\u00edpicas de esta temporada del a\u00f1o, y de escuchar conciertos al aire libre, como los que montamos los jueves en Es Nets del Verneda.<\/p>\n<h3>El verano tambi\u00e9n es sin\u00f3nimo de encontrarnos con nuestras personas favoritas.<\/h3>\n<p>Sin prisa, compartiendo momentos bonitos, y practicando la escucha activa. \u00a1El verano es el momento de pasar tiempo de calidad con familia y amigos y amigas!<\/p>\n<p>Y el verano es la temporada alta de las vacaciones, todos y todas salimos al mismo tiempo a disfrutar de los d\u00edas libres, sin responsabilidades ni obligaciones<strong>. En Verneda Camping Mountain Resort todos los a\u00f1os hacemos mejoras en nuestras instalaciones para que tus d\u00edas aqu\u00ed los disfrutes a tu manera<\/strong>. \u00a1T\u00fa eliges cu\u00e1nto espacio necesitas! Por eso tenemos <a href=\"https:\/\/www.campingverneda.com\/camping\" target=\"_blank\" rel=\"noopener\">habilitadas parcelas de diferentes tama\u00f1os<\/a>, porque cada uno tiene sus propias necesidades, \u00a1y en nuestro camping intentamos que todos y todas est\u00e9s comod\u00edsimos y comod\u00edsimas!<\/p>\n<p>Ya tenemos todas nuestras instalaciones a pleno rendimiento, como la zona de barbacoas, todas las duchas, el restaurante, etc. Y lo m\u00e1s importante durante el verano es que disfrutemos respetando la forma de disfrutar de los dem\u00e1s, para unos puede ser jugando al UNO, otros leyendo un libro, otras contando estrellas desde el exterior de la tienda de campa\u00f1a\u2026<\/p>\n<h3><strong>\u00a1Todas las formas de gozar de estos momentazos del verano deben ser respetadas!<\/strong><\/h3>\n<p>Y como no pod\u00eda ser de otra forma, el entorno natural en el que nos encontramos situados, igual que todos los dem\u00e1s, tambi\u00e9n debe ser cuidado y respetado. As\u00ed que te pedimos por favor que no<strong> tires nunca colillas al suelo -ni ning\u00fan otro residuo inorg\u00e1nico-<\/strong>, ning\u00fan suelo, porque contaminan todo aquello que tocan, que <strong>se\u00e1is sigilosos para respetar los sonidos de la naturaleza, que ya hay bastante contaminaci\u00f3n ac\u00fastica en todos los n\u00facleos urbanos<\/strong>, y que se\u00e1is muy <strong>respetuosos con el uso del agua<\/strong>, \u00a1porque nos encontramos en emergencia clim\u00e1tica!<\/p>\n<p>\u00a1Os deseamos un muy feliz verano!<\/p>\n","protected":false},"excerpt":{"rendered":"<p>Ya estamos en uno de los momentos favoritos de Verneda Camping Mountain Resort. \u00a1El verano ya est\u00e1 aqu\u00ed! Ahora notamos los d\u00edas m\u00e1s largos, lo [&hellip;]<\/p>\n","protected":false},"author":1,"featured_media":3513,"comment_status":"open","ping_status":"open","sticky":false,"template":"","format":"standard","meta":[],"categories":[1,72],"tags":[12,1217,1564,767,91,51,1101,1569,546,11,818],"_links":{"self":[{"href":"http:\/\/www.campingverneda.com\/blog\/wp-json\/wp\/v2\/posts\/4572"}],"collection":[{"href":"http:\/\/www.campingverneda.com\/blog\/wp-json\/wp\/v2\/posts"}],"about":[{"href":"http:\/\/www.campingverneda.com\/blog\/wp-json\/wp\/v2\/types\/post"}],"author":[{"embeddable":true,"href":"http:\/\/www.campingverneda.com\/blog\/wp-json\/wp\/v2\/users\/1"}],"replies":[{"embeddable":true,"href":"http:\/\/www.campingverneda.com\/blog\/wp-json\/wp\/v2\/comments?post=4572"}],"version-history":[{"count":4,"href":"http:\/\/www.campingverneda.com\/blog\/wp-json\/wp\/v2\/posts\/4572\/revisions"}],"predecessor-version":[{"id":4799,"href":"http:\/\/www.campingverneda.com\/blog\/wp-json\/wp\/v2\/posts\/4572\/revisions\/4799"}],"wp:featuredmedia":[{"embeddable":true,"href":"http:\/\/www.campingverneda.com\/blog\/wp-json\/wp\/v2\/media\/3513"}],"wp:attachment":[{"href":"http:\/\/www.campingverneda.com\/blog\/wp-json\/wp\/v2\/media?parent=4572"}],"wp:term":[{"taxonomy":"category","embeddable":true,"href":"http:\/\/www.campingverneda.com\/blog\/wp-json\/wp\/v2\/categories?post=4572"},{"taxonomy":"post_tag","embeddable":true,"href":"http:\/\/www.campingverneda.com\/blog\/wp-json\/wp\/v2\/tags?post=4572"}],"curies":[{"name":"wp","href":"https:\/\/api.w.org\/{rel}","templated":true}]}}