{"id":4559,"date":"2023-06-20T13:33:06","date_gmt":"2023-06-20T13:33:06","guid":{"rendered":"http:\/\/www.campingverneda.com\/blog\/?p=4559"},"modified":"2024-02-14T12:07:09","modified_gmt":"2024-02-14T12:07:09","slug":"cuidamos-cada-gota-de-agua","status":"publish","type":"post","link":"http:\/\/www.campingverneda.com\/blog\/2023\/06\/20\/cuidamos-cada-gota-de-agua\/","title":{"rendered":"Cuidamos cada gota de agua"},"content":{"rendered":"<div id=\"attachment_4560\" style=\"width: 479px\" class=\"wp-caption alignright\"><a href=\"http:\/\/www.campingverneda.com\/blog\/2023\/06\/20\/cuidamos-cada-gota-de-agua\/saut-deth-pish\/\" rel=\"attachment wp-att-4560\"><img aria-describedby=\"caption-attachment-4560\" decoding=\"async\" loading=\"lazy\" class=\" wp-image-4560\" src=\"http:\/\/www.campingverneda.com\/blog\/wp-content\/uploads\/2023\/06\/saut-deth-pish.jpg\" alt=\"Cuida le planeta\" width=\"469\" height=\"632\" srcset=\"http:\/\/www.campingverneda.com\/blog\/wp-content\/uploads\/2023\/06\/saut-deth-pish-200x270.jpg 200w, http:\/\/www.campingverneda.com\/blog\/wp-content\/uploads\/2023\/06\/saut-deth-pish-223x300.jpg 223w, http:\/\/www.campingverneda.com\/blog\/wp-content\/uploads\/2023\/06\/saut-deth-pish-400x539.jpg 400w, http:\/\/www.campingverneda.com\/blog\/wp-content\/uploads\/2023\/06\/saut-deth-pish-600x809.jpg 600w, http:\/\/www.campingverneda.com\/blog\/wp-content\/uploads\/2023\/06\/saut-deth-pish-760x1024.jpg 760w, http:\/\/www.campingverneda.com\/blog\/wp-content\/uploads\/2023\/06\/saut-deth-pish-768x1035.jpg 768w, http:\/\/www.campingverneda.com\/blog\/wp-content\/uploads\/2023\/06\/saut-deth-pish-800x1078.jpg 800w, http:\/\/www.campingverneda.com\/blog\/wp-content\/uploads\/2023\/06\/saut-deth-pish-1139x1536.jpg 1139w, http:\/\/www.campingverneda.com\/blog\/wp-content\/uploads\/2023\/06\/saut-deth-pish-1200x1618.jpg 1200w, http:\/\/www.campingverneda.com\/blog\/wp-content\/uploads\/2023\/06\/saut-deth-pish.jpg 1365w\" sizes=\"(max-width: 469px) 100vw, 469px\" \/><\/a><p id=\"caption-attachment-4560\" class=\"wp-caption-text\">Saut deth Pish<\/p><\/div>\n<p>Cada d\u00eda nos levantamos con informaci\u00f3n m\u00e1s preocupante sobre el estado de nuestras reservas de agua, y no es para menos. Seg\u00fan los \u00faltimos datos que acaba de publicar la <a href=\"https:\/\/www.aemet.es\/es\/portada\" target=\"_blank\" rel=\"noopener\">Aemet<\/a> (la Agencia Estatal de Meteorolog\u00eda), <strong>en los primeros meses de este 2023 ha llovido hasta un 75% menos de lo normal<\/strong> en gran parte de Espa\u00f1a, especialmente en amplias regiones del este, sur y centro de la pen\u00ednsula. En total, es un 75% que la media de los \u00faltimos 10 a\u00f1os.<\/p>\n<p>Tanto es as\u00ed que, por ejemplo el pasado mes de abril. S\u00f3lo se acumularon en el conjunto del pa\u00eds una media de tres litros por metro cuadrado, \u00a1se acab\u00f3 ese dicho de \u2018en abril igual mil\u201d. Las comunidades con peores datos son Catalu\u00f1a, Valencia Andaluc\u00eda, Murcia, el este de Castilla-La Mancha y parte de Castilla Le\u00f3n. Y por lo que vemos en las predicciones de Aemet, parece que esta situaci\u00f3n no va a mejorar.<\/p>\n<p>As\u00ed que ahora, m\u00e1s que nunca, resulta fundamental que seamos muy conscientes de esta situaci\u00f3n y tomemos medidas individuales para obtengamos buenos resultados a favor de la colectividad.<\/p>\n<p>Una medida cotidiana f\u00e1cil de aplicar y para toda la familia son las <strong>duchas de 2 o 3 minutos<\/strong>. Elige una buena canci\u00f3n, como Rom\u00e1ntica Champeta, la nueva de Bomba Est\u00e9reo, si quieres eres de ducha matinal y te gusta empezar el d\u00eda con mucha energ\u00eda, o <a href=\"https:\/\/open.spotify.com\/track\/55oRR1s2W1xX2evrUCaOSb?si=69e8d2efe6f546a8\" target=\"_blank\" rel=\"noopener\">El Principio de Algo<\/a>, de La La Love You si eres de cantar a pleno pulm\u00f3n. \u00a1Y con la presi\u00f3n del agua baja o media-baja! Esto de la presi\u00f3n tambi\u00e9n lo puedes utilizar en la cocina, cada vez que te laves los dientes, etc.<\/p>\n<p>Si en casa tienes jard\u00edn, huerta o similar, <strong>\u00a1riega s\u00f3lo al atardecer o por la noche!<\/strong> Las plantas te lo agradecer\u00e1n, y las reservas de agua tambi\u00e9n.<\/p>\n<p>Otra medida m\u00e1s profesional es ser conscientes de las industrias que m\u00e1s agua consumen y m\u00e1s agua contaminan, la agroalimentaria y la textil. Entonces, a partir de aqu\u00ed, reduce el consumo dr\u00e1sticamente. En cuanto a la industria agroalimentaria, <strong>evita cualquier alimento que proceda de macrogranjas y de s\u00faper producciones industriales<\/strong>, e intenta <strong>darle m\u00e1s valor a los productos alimentarios de Km0, alimentos de proximidad<\/strong>.<\/p>\n<p>Y lo mismo en cuanto a la industria textil, que en Europa se nos va de las manos. <strong>Compra menos, reutiliza m\u00e1s lo que ya tienes y recicla lo que ya no usas<\/strong> con tus amigas o amigos cercanos. Seguramente lo que ya no quieres, otra persona le puede dar mucho uso.<\/p>\n<p>S\u00edguenos en nuestras <a href=\"https:\/\/www.instagram.com\/vida.verneda\/\" target=\"_blank\" rel=\"noopener\">redes sociales<\/a> para estar al d\u00eda de buenos consejos ecofriendly para que cada d\u00eda podamos reducir m\u00e1s y m\u00e1s nuestra huella ambiental.<\/p>\n","protected":false},"excerpt":{"rendered":"<p>Cada d\u00eda nos levantamos con informaci\u00f3n m\u00e1s preocupante sobre el estado de nuestras reservas de agua, y no es para menos. Seg\u00fan los \u00faltimos datos [&hellip;]<\/p>\n","protected":false},"author":1,"featured_media":4561,"comment_status":"open","ping_status":"open","sticky":false,"template":"","format":"standard","meta":[],"categories":[1276],"tags":[1567,11,188,1568,818],"_links":{"self":[{"href":"http:\/\/www.campingverneda.com\/blog\/wp-json\/wp\/v2\/posts\/4559"}],"collection":[{"href":"http:\/\/www.campingverneda.com\/blog\/wp-json\/wp\/v2\/posts"}],"about":[{"href":"http:\/\/www.campingverneda.com\/blog\/wp-json\/wp\/v2\/types\/post"}],"author":[{"embeddable":true,"href":"http:\/\/www.campingverneda.com\/blog\/wp-json\/wp\/v2\/users\/1"}],"replies":[{"embeddable":true,"href":"http:\/\/www.campingverneda.com\/blog\/wp-json\/wp\/v2\/comments?post=4559"}],"version-history":[{"count":4,"href":"http:\/\/www.campingverneda.com\/blog\/wp-json\/wp\/v2\/posts\/4559\/revisions"}],"predecessor-version":[{"id":4565,"href":"http:\/\/www.campingverneda.com\/blog\/wp-json\/wp\/v2\/posts\/4559\/revisions\/4565"}],"wp:featuredmedia":[{"embeddable":true,"href":"http:\/\/www.campingverneda.com\/blog\/wp-json\/wp\/v2\/media\/4561"}],"wp:attachment":[{"href":"http:\/\/www.campingverneda.com\/blog\/wp-json\/wp\/v2\/media?parent=4559"}],"wp:term":[{"taxonomy":"category","embeddable":true,"href":"http:\/\/www.campingverneda.com\/blog\/wp-json\/wp\/v2\/categories?post=4559"},{"taxonomy":"post_tag","embeddable":true,"href":"http:\/\/www.campingverneda.com\/blog\/wp-json\/wp\/v2\/tags?post=4559"}],"curies":[{"name":"wp","href":"https:\/\/api.w.org\/{rel}","templated":true}]}}