{"id":4476,"date":"2023-06-09T09:25:45","date_gmt":"2023-06-09T09:25:45","guid":{"rendered":"http:\/\/www.campingverneda.com\/blog\/?p=4476"},"modified":"2024-02-14T12:09:15","modified_gmt":"2024-02-14T12:09:15","slug":"cuenta-atras-para-el-verano","status":"publish","type":"post","link":"http:\/\/www.campingverneda.com\/blog\/2023\/06\/09\/cuenta-atras-para-el-verano\/","title":{"rendered":"Cuenta atr\u00e1s para el verano"},"content":{"rendered":"<div id=\"attachment_4478\" style=\"width: 499px\" class=\"wp-caption alignright\"><a href=\"http:\/\/www.campingverneda.com\/blog\/2023\/06\/09\/cuenta-atras-para-el-verano\/circoloco-campingverneda\/\" rel=\"attachment wp-att-4478\"><img aria-describedby=\"caption-attachment-4478\" decoding=\"async\" loading=\"lazy\" class=\" wp-image-4478\" src=\"http:\/\/www.campingverneda.com\/blog\/wp-content\/uploads\/2023\/06\/circoloco-campingverneda.jpg\" alt=\"Actividades ninos en Camping Verneda\" width=\"489\" height=\"733\" srcset=\"http:\/\/www.campingverneda.com\/blog\/wp-content\/uploads\/2023\/06\/circoloco-campingverneda-200x300.jpg 200w, http:\/\/www.campingverneda.com\/blog\/wp-content\/uploads\/2023\/06\/circoloco-campingverneda-400x600.jpg 400w, http:\/\/www.campingverneda.com\/blog\/wp-content\/uploads\/2023\/06\/circoloco-campingverneda-600x899.jpg 600w, http:\/\/www.campingverneda.com\/blog\/wp-content\/uploads\/2023\/06\/circoloco-campingverneda-683x1024.jpg 683w, http:\/\/www.campingverneda.com\/blog\/wp-content\/uploads\/2023\/06\/circoloco-campingverneda-768x1151.jpg 768w, http:\/\/www.campingverneda.com\/blog\/wp-content\/uploads\/2023\/06\/circoloco-campingverneda-800x1199.jpg 800w, http:\/\/www.campingverneda.com\/blog\/wp-content\/uploads\/2023\/06\/circoloco-campingverneda.jpg 1000w\" sizes=\"(max-width: 489px) 100vw, 489px\" \/><\/a><p id=\"caption-attachment-4478\" class=\"wp-caption-text\">Betty y Perla en nuestra zona ajardinada<\/p><\/div>\n<p>Por fin ha llegado ese momento del a\u00f1o en el que podemos decir, y decimos, que ya tenemos el verano a la vuelta de la esquina. Tenemos muchos y buenos motivos para que nos fascine el verano en la Val d\u2019Aran y, especialmente, viviendo el verano a lo #VIDAVerneda.<\/p>\n<h3>La noche de San Juan, la noche m\u00e1gica<\/h3>\n<p>El <strong>chupinazo de salida del verano lo marca el solsticio de verano que lo celebramos la noche de San Juan<\/strong> con las festividades de Les , en la que se quema un abeto de unos 12 metros (Er Haro) de altura que est\u00e1 plantado en la plaza desde el 29 de junio del a\u00f1o anterior. Mientras el tronco y las malas vibraciones se queman, se bailan danzas populares aranesas alrededor del mismo y al son de m\u00fasica occitana. Arties, tambi\u00e9n es otro lugar en el que se realiza est\u00e1 celebraci\u00f3n , pero de una forma distinta (tambi\u00e9n de nombre distintos: Eth Taro). El Taro se enciende en llamas y se tira por el suelo para que los m\u00e1s atrevidos salten sobre \u00e9l.<\/p>\n<p>Y este mismo d\u00eda de Sant Joan es cuando <strong>abrimos la piscina<\/strong> de Verneda Camping Mountain Resort, nuestra piscina de cloraci\u00f3n salina, m\u00e1s saludable para mayores y peques, y mucho m\u00e1s eficiente energ\u00e9ticamente hablando.<\/p>\n<h3>Lo mejor del verano<\/h3>\n<p>Otro golazo del verano a lo #VIDAVerneda es que nuestro restaurante est\u00e1 a pleno rendimiento con desayunos, comidas y cenas. \u00a1Y <strong>vuelven Es Nets deth Verneda<\/strong>! Nuestras noches de conciertos al aire libre para toda la familia regresan <strong>a partir del pr\u00f3ximo 20 de julio<\/strong>. Y es que los conciertos entre las monta\u00f1as que nos rodean y bajo las estrellas se disfrutan m\u00e1s y mejor.<\/p>\n<p>A partir del domingo 23 de julio <strong>vuelven los domingos de Circoloco<\/strong>, el plan favoritos de los y las peques de casa. Vienen nuestros payasos Betty, Perla y el mago Magic Pol, entre muchos otros para divertir a base de carcajadas, y con muchos juegos infantiles, y as\u00ed los mayores tambi\u00e9n pueden descansar un rato entre el bar y la piscina. \u00a1Buenos momentos de desconexi\u00f3n!<\/p>\n<p>Y claro, en verano est\u00e1n todas las rutas de la Val d\u2019Aran habilitadas si e gusta caminar o si prefieres unos descensos en bici. Y si vienes con perro, te aseguramos que son los que m\u00e1s disfrutan, tanto de esas rutas como el cl\u00e1sico paseo matinal por el Camino Reiau, con acceso directo desde Verneda Camping Mountain Resort.<\/p>\n<p>\u00bfQu\u00e9 plan tienes para estas vacaciones? \u00a1Organiza ya tu viaje desde nuestra web!<\/p>\n","protected":false},"excerpt":{"rendered":"<p>Por fin ha llegado ese momento del a\u00f1o en el que podemos decir, y decimos, que ya tenemos el verano a la vuelta de la [&hellip;]<\/p>\n","protected":false},"author":1,"featured_media":4477,"comment_status":"open","ping_status":"open","sticky":false,"template":"","format":"standard","meta":[],"categories":[72],"tags":[1552,1566,467,1217,91,51,1565,11,1470,818,1211],"_links":{"self":[{"href":"http:\/\/www.campingverneda.com\/blog\/wp-json\/wp\/v2\/posts\/4476"}],"collection":[{"href":"http:\/\/www.campingverneda.com\/blog\/wp-json\/wp\/v2\/posts"}],"about":[{"href":"http:\/\/www.campingverneda.com\/blog\/wp-json\/wp\/v2\/types\/post"}],"author":[{"embeddable":true,"href":"http:\/\/www.campingverneda.com\/blog\/wp-json\/wp\/v2\/users\/1"}],"replies":[{"embeddable":true,"href":"http:\/\/www.campingverneda.com\/blog\/wp-json\/wp\/v2\/comments?post=4476"}],"version-history":[{"count":6,"href":"http:\/\/www.campingverneda.com\/blog\/wp-json\/wp\/v2\/posts\/4476\/revisions"}],"predecessor-version":[{"id":4801,"href":"http:\/\/www.campingverneda.com\/blog\/wp-json\/wp\/v2\/posts\/4476\/revisions\/4801"}],"wp:featuredmedia":[{"embeddable":true,"href":"http:\/\/www.campingverneda.com\/blog\/wp-json\/wp\/v2\/media\/4477"}],"wp:attachment":[{"href":"http:\/\/www.campingverneda.com\/blog\/wp-json\/wp\/v2\/media?parent=4476"}],"wp:term":[{"taxonomy":"category","embeddable":true,"href":"http:\/\/www.campingverneda.com\/blog\/wp-json\/wp\/v2\/categories?post=4476"},{"taxonomy":"post_tag","embeddable":true,"href":"http:\/\/www.campingverneda.com\/blog\/wp-json\/wp\/v2\/tags?post=4476"}],"curies":[{"name":"wp","href":"https:\/\/api.w.org\/{rel}","templated":true}]}}