{"id":4467,"date":"2023-05-31T15:31:08","date_gmt":"2023-05-31T15:31:08","guid":{"rendered":"http:\/\/www.campingverneda.com\/blog\/?p=4467"},"modified":"2024-02-14T12:12:27","modified_gmt":"2024-02-14T12:12:27","slug":"buenas-practicas-en-la-montana","status":"publish","type":"post","link":"http:\/\/www.campingverneda.com\/blog\/2023\/05\/31\/buenas-practicas-en-la-montana\/","title":{"rendered":"Buenas pr\u00e1cticas en la monta\u00f1a"},"content":{"rendered":"<p><a href=\"http:\/\/www.campingverneda.com\/blog\/2023\/05\/31\/buenas-practicas-en-la-montana\/campingverneda-valdaran-2\/\" rel=\"attachment wp-att-4469\"><img decoding=\"async\" loading=\"lazy\" class=\"wp-image-4469 alignright\" src=\"http:\/\/www.campingverneda.com\/blog\/wp-content\/uploads\/2023\/05\/campingverneda-valdaran-scaled.jpg\" alt=\"Camping Verneda\" width=\"315\" height=\"473\" srcset=\"http:\/\/www.campingverneda.com\/blog\/wp-content\/uploads\/2023\/05\/campingverneda-valdaran-200x300.jpg 200w, http:\/\/www.campingverneda.com\/blog\/wp-content\/uploads\/2023\/05\/campingverneda-valdaran-400x599.jpg 400w, http:\/\/www.campingverneda.com\/blog\/wp-content\/uploads\/2023\/05\/campingverneda-valdaran-600x899.jpg 600w, http:\/\/www.campingverneda.com\/blog\/wp-content\/uploads\/2023\/05\/campingverneda-valdaran-683x1024.jpg 683w, http:\/\/www.campingverneda.com\/blog\/wp-content\/uploads\/2023\/05\/campingverneda-valdaran-768x1151.jpg 768w, http:\/\/www.campingverneda.com\/blog\/wp-content\/uploads\/2023\/05\/campingverneda-valdaran-800x1199.jpg 800w, http:\/\/www.campingverneda.com\/blog\/wp-content\/uploads\/2023\/05\/campingverneda-valdaran-1025x1536.jpg 1025w, http:\/\/www.campingverneda.com\/blog\/wp-content\/uploads\/2023\/05\/campingverneda-valdaran-1200x1798.jpg 1200w, http:\/\/www.campingverneda.com\/blog\/wp-content\/uploads\/2023\/05\/campingverneda-valdaran-1367x2048.jpg 1367w, http:\/\/www.campingverneda.com\/blog\/wp-content\/uploads\/2023\/05\/campingverneda-valdaran-scaled.jpg 1708w\" sizes=\"(max-width: 315px) 100vw, 315px\" \/><\/a>Cuando vengas a la Val d\u2019Aran y quieras hacer una excursi\u00f3n por la monta\u00f1a, debes de recordar que est\u00e1s, precisamente, en una monta\u00f1a. Disfrutar de nuestras rutas naturales, y \u2018perderte\u2019 por nuestros bosques debe ser una elecci\u00f3n adulta y, por lo tanto, con cierta responsabilidad.<\/p>\n<h3>Imprescindible antes de ir a la monta\u00f1a<\/h3>\n<p>B\u00e1sicamente, <strong>siempre que vayas a hacer una ruta de monta\u00f1a<\/strong> debes tener en cuenta lo siguiente:<br \/>\n&#8211; Utiliza siempre <strong>buen calzado<\/strong>, preferiblemente zapatillas deportivas y, si puede ser, calzado espec\u00edfico de monta\u00f1a. Aunque parezca obvio, no vayas a la monta\u00f1a en sandalias ni zapatillas de ciudad, un paso mal dado puede jugarte una mala pasada.<br \/>\n&#8211; Mira bien todas las<strong> rutas adaptadas y se\u00f1alizadas<\/strong>, y selecciona una ruta adecuada para tu nivel. Si no sabes cu\u00e1l es la mejor para ti y para las personas que te acompa\u00f1an, \u00a1preg\u00fantanos en recepci\u00f3n y te ayudamos!<br \/>\n&#8211; Aqu\u00ed la meteo cambia bastante, as\u00ed que procura llevar siempre contigo algo de <strong>ropa de abrigo y una prenda repelente del agua<\/strong>.<br \/>\n&#8211; En la mochila que te acompa\u00f1a en esta excursi\u00f3n, siempre debes llevar <strong>agua y algo de comida<\/strong>. Por supuesto, <strong>no eches ning\u00fan desecho al suelo, gu\u00e1rdalo de nuevo en la mochila y t\u00edralo al contenedor que corresponda<\/strong> cuando regreses a alguno de los n\u00facleos urbanos, o en los puntos de reciclaje que tenemos habilitados en <a href=\"https:\/\/www.campingverneda.com\/mountain-resort\" target=\"_blank\" rel=\"noopener\">Verneda Camping Mountain Resort<\/a>.<\/p>\n<h3>Hay que tener siempre en cuenta que&#8230;<\/h3>\n<p>Por supuesto, en todas tus rutas por la monta\u00f1a, ya sea corriendo, caminando, en bici o haciendo el pino-puente:<br \/>\n&#8211; \u00a1Respeta la se\u00f1al\u00e9tica de los caminos!<br \/>\n&#8211; No molestes a la fauna, obs\u00e9rvala desde cierta distancia y no les asustes. \u00a1Est\u00e1s en su casa y t\u00fa eres un invitado educado!<br \/>\n&#8211; No pases por espacios en lo que te marca \u201cprohibido el paso\u201d. Donde t\u00fa s\u00f3lo veas hierba o hierbajos, posiblemente est\u00e9 creciendo alimento para el ganado local o bien sea una propiedad privada y, como spoiler, te decimos que no les gusta comer nada que haya sido pisado previamente, suponemos que a ti tampoco te gusta la comida pisada, \u00bfverdad?<\/p>\n<p>Disfruta de tus vacaciones con cari\u00f1o y respeto hacia el entorno natural que te acoge.<\/p>\n","protected":false},"excerpt":{"rendered":"<p>Cuando vengas a la Val d\u2019Aran y quieras hacer una excursi\u00f3n por la monta\u00f1a, debes de recordar que est\u00e1s, precisamente, en una monta\u00f1a. Disfrutar de [&hellip;]<\/p>\n","protected":false},"author":1,"featured_media":4468,"comment_status":"open","ping_status":"open","sticky":false,"template":"","format":"standard","meta":[],"categories":[71,1276],"tags":[1557,47,1487,1564,1563,495,11,1559,1558,1560,1561,1562,818],"_links":{"self":[{"href":"http:\/\/www.campingverneda.com\/blog\/wp-json\/wp\/v2\/posts\/4467"}],"collection":[{"href":"http:\/\/www.campingverneda.com\/blog\/wp-json\/wp\/v2\/posts"}],"about":[{"href":"http:\/\/www.campingverneda.com\/blog\/wp-json\/wp\/v2\/types\/post"}],"author":[{"embeddable":true,"href":"http:\/\/www.campingverneda.com\/blog\/wp-json\/wp\/v2\/users\/1"}],"replies":[{"embeddable":true,"href":"http:\/\/www.campingverneda.com\/blog\/wp-json\/wp\/v2\/comments?post=4467"}],"version-history":[{"count":6,"href":"http:\/\/www.campingverneda.com\/blog\/wp-json\/wp\/v2\/posts\/4467\/revisions"}],"predecessor-version":[{"id":4803,"href":"http:\/\/www.campingverneda.com\/blog\/wp-json\/wp\/v2\/posts\/4467\/revisions\/4803"}],"wp:featuredmedia":[{"embeddable":true,"href":"http:\/\/www.campingverneda.com\/blog\/wp-json\/wp\/v2\/media\/4468"}],"wp:attachment":[{"href":"http:\/\/www.campingverneda.com\/blog\/wp-json\/wp\/v2\/media?parent=4467"}],"wp:term":[{"taxonomy":"category","embeddable":true,"href":"http:\/\/www.campingverneda.com\/blog\/wp-json\/wp\/v2\/categories?post=4467"},{"taxonomy":"post_tag","embeddable":true,"href":"http:\/\/www.campingverneda.com\/blog\/wp-json\/wp\/v2\/tags?post=4467"}],"curies":[{"name":"wp","href":"https:\/\/api.w.org\/{rel}","templated":true}]}}