{"id":4460,"date":"2023-05-18T09:54:16","date_gmt":"2023-05-18T09:54:16","guid":{"rendered":"http:\/\/www.campingverneda.com\/blog\/?p=4460"},"modified":"2024-09-16T13:28:19","modified_gmt":"2024-09-16T13:28:19","slug":"travelreviewaward","status":"publish","type":"post","link":"http:\/\/www.campingverneda.com\/blog\/2023\/05\/18\/travelreviewaward\/","title":{"rendered":"Traveller Review Award 2023"},"content":{"rendered":"<div id=\"attachment_4462\" style=\"width: 333px\" class=\"wp-caption alignright\"><a href=\"http:\/\/www.campingverneda.com\/blog\/2023\/05\/18\/travelreviewaward\/camping-verneda-bungalows\/\" rel=\"attachment wp-att-4462\"><img aria-describedby=\"caption-attachment-4462\" decoding=\"async\" loading=\"lazy\" class=\" wp-image-4462\" src=\"http:\/\/www.campingverneda.com\/blog\/wp-content\/uploads\/2023\/05\/camping-verneda-bungalows-scaled.jpg\" alt=\"Perros bienvenidos en Camping Verneda\" width=\"323\" height=\"485\" srcset=\"http:\/\/www.campingverneda.com\/blog\/wp-content\/uploads\/2023\/05\/camping-verneda-bungalows-200x300.jpg 200w, http:\/\/www.campingverneda.com\/blog\/wp-content\/uploads\/2023\/05\/camping-verneda-bungalows-400x599.jpg 400w, http:\/\/www.campingverneda.com\/blog\/wp-content\/uploads\/2023\/05\/camping-verneda-bungalows-600x899.jpg 600w, http:\/\/www.campingverneda.com\/blog\/wp-content\/uploads\/2023\/05\/camping-verneda-bungalows-683x1024.jpg 683w, http:\/\/www.campingverneda.com\/blog\/wp-content\/uploads\/2023\/05\/camping-verneda-bungalows-768x1151.jpg 768w, http:\/\/www.campingverneda.com\/blog\/wp-content\/uploads\/2023\/05\/camping-verneda-bungalows-800x1199.jpg 800w, http:\/\/www.campingverneda.com\/blog\/wp-content\/uploads\/2023\/05\/camping-verneda-bungalows-1025x1536.jpg 1025w, http:\/\/www.campingverneda.com\/blog\/wp-content\/uploads\/2023\/05\/camping-verneda-bungalows-1200x1798.jpg 1200w, http:\/\/www.campingverneda.com\/blog\/wp-content\/uploads\/2023\/05\/camping-verneda-bungalows-1367x2048.jpg 1367w, http:\/\/www.campingverneda.com\/blog\/wp-content\/uploads\/2023\/05\/camping-verneda-bungalows-scaled.jpg 1708w\" sizes=\"(max-width: 323px) 100vw, 323px\" \/><\/a><p id=\"caption-attachment-4462\" class=\"wp-caption-text\">Camping Verneda tu alojamiento para venir con tu mascota<\/p><\/div>\n<p>Estamos muy felices que poder compartir con vosotros, vosotras y vosotres el premio que hemos recibido de Booking: el <strong>Traveller Review Award 2023.<\/strong> Gracias a todas vuestras rese\u00f1as durante este \u00faltimo a\u00f1o hemos vuelto a ganar un galard\u00f3n de esta plataforma de planificaci\u00f3n de viajes.<\/p>\n<p>El Traveller Review Award 2023 muestra c<strong>u\u00e1nto valor\u00e1is los recuerdos especiales<\/strong> que cre\u00e1is en <a href=\"https:\/\/www.campingverneda.com\/bungalows\" target=\"_blank\" rel=\"noopener\">Verneda Camping Mountain Resort<\/a> durante vuestras vacaciones. Para nuestro equipo supone un subid\u00f3n de energ\u00eda extra y, sobre todo, m\u00e1s inspiraci\u00f3n para que sigamos trabajando en mejoras constantes para que disfrut\u00e9is cada minuto que est\u00e1is aqu\u00ed compartiendo vuestros d\u00edas libres al m\u00e1s puro estilo de la #VIDAVerneda.<\/p>\n<p>Ahora estamos en <strong>uno de los momentos m\u00e1s bonitos del a\u00f1o en la Val d\u2019Aran,<\/strong> la primavera vuelve a poner en modo multicolor nuestras instalaciones de <a href=\"https:\/\/www.campingverneda.com\/bungalows\" target=\"_blank\" rel=\"noopener\">Verneda Camping Mountain Resort<\/a>, y tambi\u00e9n los bosques y caminos naturales que nos rodean. El r\u00edo Garona pasa a nuestro lado con sus aguas cristalinas del deshielo dej\u00e1ndonos la mejor banda sonora para despertar. Los buenos planes est\u00e1n asegurados para descubrir cada espacio que forma este valle de valles donde vivimos.<\/p>\n<p>\u00bfQu\u00e9 te gusta hacer durante tus vacaciones? Aqu\u00ed tenemos de todo. <strong>Paseos interminables<\/strong> para todos los niveles, tambi\u00e9n caminos muy sencillos si vienes con peques. <strong>Rutas en bici por carretera y BTT<\/strong>, \u00a1incluso servicio de alquiler de bicis por si quieres venir ligero o ligera de equipaje!<\/p>\n<p>Tambi\u00e9n para los y las peques de la casa, Aran Park ya ha reabierto sus puertas para que puedas <strong>conocer a la fauna en un encono natural y protegido.<\/strong> Y si lo que te gusta es comer rico y con calma, la Val d\u2019Aran es el lugar que estabas buscando.<\/p>\n<p>Cuando llegues a <a href=\"https:\/\/www.campingverneda.com\/animacion\" target=\"_blank\" rel=\"noopener\">Verneda Camping Mountain Resort<\/a> dinos qu\u00e9 es lo que te gusta, lo que quieres conocer o qu\u00e9 es eso que siempre has querido hacer, y desde nuestra recepci\u00f3n<strong> te ayudamos a organizar unas vacaciones que siempre recordar\u00e1s con mucho cari\u00f1o.<\/strong><\/p>\n<p>De nuevo, \u00a1much\u00edsimas gracias por haber hecho realidad este Traveller Review Award 2023!<\/p>\n","protected":false},"excerpt":{"rendered":"<p>Estamos muy felices que poder compartir con vosotros, vosotras y vosotres el premio que hemos recibido de Booking: el Traveller Review Award 2023. Gracias a [&hellip;]<\/p>\n","protected":false},"author":1,"featured_media":4461,"comment_status":"open","ping_status":"open","sticky":false,"template":"","format":"standard","meta":[],"categories":[69],"tags":[149,51,1556,713,11,390,92,1468,1555,298,818],"_links":{"self":[{"href":"http:\/\/www.campingverneda.com\/blog\/wp-json\/wp\/v2\/posts\/4460"}],"collection":[{"href":"http:\/\/www.campingverneda.com\/blog\/wp-json\/wp\/v2\/posts"}],"about":[{"href":"http:\/\/www.campingverneda.com\/blog\/wp-json\/wp\/v2\/types\/post"}],"author":[{"embeddable":true,"href":"http:\/\/www.campingverneda.com\/blog\/wp-json\/wp\/v2\/users\/1"}],"replies":[{"embeddable":true,"href":"http:\/\/www.campingverneda.com\/blog\/wp-json\/wp\/v2\/comments?post=4460"}],"version-history":[{"count":3,"href":"http:\/\/www.campingverneda.com\/blog\/wp-json\/wp\/v2\/posts\/4460\/revisions"}],"predecessor-version":[{"id":4465,"href":"http:\/\/www.campingverneda.com\/blog\/wp-json\/wp\/v2\/posts\/4460\/revisions\/4465"}],"wp:featuredmedia":[{"embeddable":true,"href":"http:\/\/www.campingverneda.com\/blog\/wp-json\/wp\/v2\/media\/4461"}],"wp:attachment":[{"href":"http:\/\/www.campingverneda.com\/blog\/wp-json\/wp\/v2\/media?parent=4460"}],"wp:term":[{"taxonomy":"category","embeddable":true,"href":"http:\/\/www.campingverneda.com\/blog\/wp-json\/wp\/v2\/categories?post=4460"},{"taxonomy":"post_tag","embeddable":true,"href":"http:\/\/www.campingverneda.com\/blog\/wp-json\/wp\/v2\/tags?post=4460"}],"curies":[{"name":"wp","href":"https:\/\/api.w.org\/{rel}","templated":true}]}}