{"id":4453,"date":"2023-05-12T16:44:48","date_gmt":"2023-05-12T16:44:48","guid":{"rendered":"http:\/\/www.campingverneda.com\/blog\/?p=4453"},"modified":"2024-02-14T12:20:36","modified_gmt":"2024-02-14T12:20:36","slug":"dia-internacional-de-las-familias-ninos-y-ninas-gratis","status":"publish","type":"post","link":"http:\/\/www.campingverneda.com\/blog\/2023\/05\/12\/dia-internacional-de-las-familias-ninos-y-ninas-gratis\/","title":{"rendered":"D\u00eda Internacional de las Familias"},"content":{"rendered":"<div id=\"attachment_4454\" style=\"width: 361px\" class=\"wp-caption alignright\"><a href=\"http:\/\/www.campingverneda.com\/blog\/2023\/05\/12\/dia-internacional-de-las-familias-ninos-y-ninas-gratis\/verneda-promofamilias-valdaran\/\" rel=\"attachment wp-att-4454\"><img aria-describedby=\"caption-attachment-4454\" decoding=\"async\" loading=\"lazy\" class=\" wp-image-4454\" src=\"http:\/\/www.campingverneda.com\/blog\/wp-content\/uploads\/2023\/05\/verneda-promofamilias-valdaran-scaled.jpg\" alt=\"Camping Verneda\" width=\"351\" height=\"526\" srcset=\"http:\/\/www.campingverneda.com\/blog\/wp-content\/uploads\/2023\/05\/verneda-promofamilias-valdaran-200x300.jpg 200w, http:\/\/www.campingverneda.com\/blog\/wp-content\/uploads\/2023\/05\/verneda-promofamilias-valdaran-400x599.jpg 400w, http:\/\/www.campingverneda.com\/blog\/wp-content\/uploads\/2023\/05\/verneda-promofamilias-valdaran-600x899.jpg 600w, http:\/\/www.campingverneda.com\/blog\/wp-content\/uploads\/2023\/05\/verneda-promofamilias-valdaran-683x1024.jpg 683w, http:\/\/www.campingverneda.com\/blog\/wp-content\/uploads\/2023\/05\/verneda-promofamilias-valdaran-768x1151.jpg 768w, http:\/\/www.campingverneda.com\/blog\/wp-content\/uploads\/2023\/05\/verneda-promofamilias-valdaran-800x1199.jpg 800w, http:\/\/www.campingverneda.com\/blog\/wp-content\/uploads\/2023\/05\/verneda-promofamilias-valdaran-1025x1536.jpg 1025w, http:\/\/www.campingverneda.com\/blog\/wp-content\/uploads\/2023\/05\/verneda-promofamilias-valdaran-1200x1798.jpg 1200w, http:\/\/www.campingverneda.com\/blog\/wp-content\/uploads\/2023\/05\/verneda-promofamilias-valdaran-1367x2048.jpg 1367w, http:\/\/www.campingverneda.com\/blog\/wp-content\/uploads\/2023\/05\/verneda-promofamilias-valdaran-scaled.jpg 1708w\" sizes=\"(max-width: 351px) 100vw, 351px\" \/><\/a><p id=\"caption-attachment-4454\" class=\"wp-caption-text\">Ni\u00f1os felices a lo #VIDAVerneda<\/p><\/div>\n<p>El pr\u00f3ximo 15 de mayo celebramos con vosotros y vosotras el <strong>D\u00eda Internacional de las Familias<\/strong>. Un d\u00eda muy especial que nos gusta destacar ya que nos encanta la variedad de familias que hay, y todas se merecen un homenaje.<\/p>\n<h3>La familia que t\u00fa eliges<\/h3>\n<p>Cada familia es un mundo, y como siempre decimos, <strong>lo mejor de las familias es pasar tiempo juntos y juntas<\/strong>. Aqu\u00ed vemos de todo, familias de padre + madre e hijes, madre + hijos y perro, dos padres + hija y gatitos, abuela + padre e hijo, abuelos + dos madres y perro, padre + madre y perritas\u2026 \u00a1La combinaci\u00f3n es infinita!<\/p>\n<p>No es nada f\u00e1cil mantener a la familia unida tal y como tenemos estructura la vida moderna. Trabajo, responsabilidades, deporte (quien tiene un poco de tiempo bien planificado), vida social\u2026 As\u00ed que en Verneda Camping Mountain Resort <strong>os invitamos a parar el tiempo durante unos minutos el pr\u00f3ximo 15 de mayo, y aprovechar la promoci\u00f3n que tendremos activa hasta el viernes 18 de mayo para que puedas reservar tus vacaciones de verano al estilo #VIDAVerneda<\/strong> con toda tu familia, sea del tipo que sea.<\/p>\n<h3>\u00bfY cu\u00e1l es la promoci\u00f3n?<\/h3>\n<p><strong>\u00a1Ni\u00f1os y ni\u00f1as gratis!<\/strong><br \/>\nEsta promoci\u00f3n es vigente para <strong>reservas de acampada de m\u00ednimo de 3 noches en temporada baja y media<\/strong>, siempre sujeta a disponibilidad y no es reembolsable. Debes <strong>realizar la reserva v\u00eda telef\u00f3nica llamando al 973 641 024 o al 606 756 393<\/strong>.<\/p>\n<p>Pero, <strong>\u00bfqu\u00e9 es la #VIDAVerneda en verano?<\/strong> Durante el verano, en Verneda Camping Mountain Resort habilitamos todas las <strong>parcelas de camping<\/strong> seg\u00fan el espacio que necesit\u00e9is porque, como ya sabemos, cada familia necesita un espacio seg\u00fan cu\u00e1ntas personas la form\u00e9is. A partir de San Juan, abrimos la <a href=\"https:\/\/www.campingverneda.com\/piscina\" target=\"_blank\" rel=\"noopener\">piscina de cloraci\u00f3n salina<\/a>, activamos nuestro <strong>restaurante<\/strong> desde los desayunos hasta las cenas, y tenemos nuestros <strong>conciertos al aire libre<\/strong>. Adem\u00e1s, a partir del mes de julio, los domingos es el d\u00eda de los peque\u00f1os y peque\u00f1as de la casa con nuestro <strong>Circoloco<\/strong>, y as\u00ed los mayores descans\u00e1is, que siempre se agradece.<\/p>\n<p>Aparte de todo esto, la <a href=\"https:\/\/www.campingverneda.com\/animacion-2\" target=\"_blank\" rel=\"noopener\">#VIDAVerneda en verano<\/a> tambi\u00e9n son <strong>excursiones guiadas por la Val d\u2019Aran<\/strong>, <strong>talleres infantiles<\/strong> divulgativos para que conozcan la Naturaleza que nos rodean y aprendan a cuidarla con cari\u00f1o,<strong> rutas en bici<\/strong> por carretera o BTT. \u00a1La #VIDAVerrneda es todo esto y todo lo que t\u00fa y tu familia quer\u00e1is!<\/p>\n<p>Apunta el 15 de mayo y s\u00edguenos en nuestras redes sociales para aprovechar la promoci\u00f3n exclusiva para celebrar con vosotros y vosotras el D\u00eda Internacional de las Familias.<\/p>\n","protected":false},"excerpt":{"rendered":"<p>El pr\u00f3ximo 15 de mayo celebramos con vosotros y vosotras el D\u00eda Internacional de las Familias. Un d\u00eda muy especial que nos gusta destacar ya [&hellip;]<\/p>\n","protected":false},"author":1,"featured_media":4455,"comment_status":"open","ping_status":"open","sticky":false,"template":"","format":"standard","meta":[],"categories":[69],"tags":[1552,1217,91,721,914,11,1554,911,1551,1470,1553,818],"_links":{"self":[{"href":"http:\/\/www.campingverneda.com\/blog\/wp-json\/wp\/v2\/posts\/4453"}],"collection":[{"href":"http:\/\/www.campingverneda.com\/blog\/wp-json\/wp\/v2\/posts"}],"about":[{"href":"http:\/\/www.campingverneda.com\/blog\/wp-json\/wp\/v2\/types\/post"}],"author":[{"embeddable":true,"href":"http:\/\/www.campingverneda.com\/blog\/wp-json\/wp\/v2\/users\/1"}],"replies":[{"embeddable":true,"href":"http:\/\/www.campingverneda.com\/blog\/wp-json\/wp\/v2\/comments?post=4453"}],"version-history":[{"count":5,"href":"http:\/\/www.campingverneda.com\/blog\/wp-json\/wp\/v2\/posts\/4453\/revisions"}],"predecessor-version":[{"id":4805,"href":"http:\/\/www.campingverneda.com\/blog\/wp-json\/wp\/v2\/posts\/4453\/revisions\/4805"}],"wp:featuredmedia":[{"embeddable":true,"href":"http:\/\/www.campingverneda.com\/blog\/wp-json\/wp\/v2\/media\/4455"}],"wp:attachment":[{"href":"http:\/\/www.campingverneda.com\/blog\/wp-json\/wp\/v2\/media?parent=4453"}],"wp:term":[{"taxonomy":"category","embeddable":true,"href":"http:\/\/www.campingverneda.com\/blog\/wp-json\/wp\/v2\/categories?post=4453"},{"taxonomy":"post_tag","embeddable":true,"href":"http:\/\/www.campingverneda.com\/blog\/wp-json\/wp\/v2\/tags?post=4453"}],"curies":[{"name":"wp","href":"https:\/\/api.w.org\/{rel}","templated":true}]}}