{"id":4243,"date":"2022-10-28T09:23:15","date_gmt":"2022-10-28T09:23:15","guid":{"rendered":"http:\/\/www.campingverneda.com\/blog\/?p=4243"},"modified":"2023-01-20T12:17:10","modified_gmt":"2023-01-20T12:17:10","slug":"4243","status":"publish","type":"post","link":"http:\/\/www.campingverneda.com\/blog\/2022\/10\/28\/4243\/","title":{"rendered":"Planes oto\u00f1ales en la Val d&#8217;Aran"},"content":{"rendered":"<div id=\"attachment_4244\" style=\"width: 412px\" class=\"wp-caption alignright\"><a href=\"http:\/\/www.campingverneda.com\/blog\/2022\/10\/28\/4243\/valdaran_otono\/\" rel=\"attachment wp-att-4244\"><img aria-describedby=\"caption-attachment-4244\" decoding=\"async\" loading=\"lazy\" class=\" wp-image-4244\" src=\"http:\/\/www.campingverneda.com\/blog\/wp-content\/uploads\/2022\/10\/valdaran_otono.png\" alt=\"otno en verneda camping mountain resort\" width=\"402\" height=\"477\" srcset=\"http:\/\/www.campingverneda.com\/blog\/wp-content\/uploads\/2022\/10\/valdaran_otono-200x237.png 200w, http:\/\/www.campingverneda.com\/blog\/wp-content\/uploads\/2022\/10\/valdaran_otono-253x300.png 253w, http:\/\/www.campingverneda.com\/blog\/wp-content\/uploads\/2022\/10\/valdaran_otono-400x475.png 400w, http:\/\/www.campingverneda.com\/blog\/wp-content\/uploads\/2022\/10\/valdaran_otono-600x712.png 600w, http:\/\/www.campingverneda.com\/blog\/wp-content\/uploads\/2022\/10\/valdaran_otono-768x911.png 768w, http:\/\/www.campingverneda.com\/blog\/wp-content\/uploads\/2022\/10\/valdaran_otono.png 799w\" sizes=\"(max-width: 402px) 100vw, 402px\" \/><\/a><p id=\"caption-attachment-4244\" class=\"wp-caption-text\">Foto de Visist Val d&#8217;Aran<\/p><\/div>\n<p>Llega el primer puente largo y lo hace en modo oto\u00f1o\u00a0 \u00a1y nos encanta! Pasar el oto\u00f1o en este lado de los Pirineos ya es un buen plan por s\u00ed mismo. En cuanto comienzas a llegar a la Val d\u2019Aran puedes empezar a gozar de la paleta de colores oto\u00f1ales de la que se cubren nuestras monta\u00f1as. Toda la flora local se ti\u00f1e de oto\u00f1o, y la luz del d\u00eda hace quelas cumbres brillen de manera majestuosa.<\/p>\n<p>Adem\u00e1s, la fauna tambi\u00e9n se une a la esencia del oto\u00f1o. Lo m\u00e1s destacado, por ejemplo, es <strong>la berrea de los ciervos<\/strong>. El oto\u00f1o es el per\u00edodo de celo de los ciervos, y los ciervos braman con un sonido gutural, emitido por los machos, que se escucha a kil\u00f3metros de distancia. Para ellos, ahora es su momento de demostrar el poder de los machos, y adem\u00e1s de su berrea, tambi\u00e9n tienen luchas entre ellos en las que utilizan su cornamenta. Si vienes a disfrutar de este espect\u00e1culo de la naturaleza salvaje, <strong>te pedimos POR FAVOR que lo hagas siempre con una gran distancia<\/strong>, no tanto por ti y los tuyos, que tambi\u00e9n, sino para que <strong>los ciervos y las hembras no se sientan invadidos en su territorio y puedan continuar con sus pr\u00e1cticas de celo habituales<\/strong>. Siempre es important\u00edsimo gozar de la naturaleza con respeto, por ti, por ellos, por todos. Para ver la berra, os recomendamos contactar con nuestros amigos de <a href=\"https:\/\/excitingevents.es\/\" target=\"_blank\" rel=\"noopener\">Exciting Events<\/a>.<\/p>\n<p>Ahora tambi\u00e9n es la <strong>temporada de recogida de setas en la Val d\u2019Aran<\/strong>. Los lugares para encontrar estos tesoros gastron\u00f3micos son s\u00faper secretos, as\u00ed que s\u00f3lo los mejores cazadores de boletus pueden acompa\u00f1arte a recolectarlos. Con el objetivo de regular esta pr\u00e1ctica, para recoger setas, es obligatorio tener un ticket que autorice la recogida. Pod\u00e9is irlo a buscar en las oficinas de turismo de la Val d\u2019Aran o bien en nuestra misma recepci\u00f3n.<\/p>\n<p>Adem\u00e1s de estas actividades t\u00edpicas del oto\u00f1o en este valle de los Pirineos, te invitamos a que <a href=\"https:\/\/www.instagram.com\/p\/CjzoRcCJxcV\/\" target=\"_blank\" rel=\"noopener\">camines por los bosques<\/a> sin hora, a que alquiles unas bicis con la familia y\/o amigos y amigas y hagas un recorrido por nuestras carreteras infinitas, o unos descensos si te va la adrenalina\u2026 Si lo que quieres es ver el oto\u00f1o en su m\u00e1ximo esplendor te recomendmaos que vayas hasta le valle de Conangles, porque es todo un espect\u00e1culo.<\/p>\n<p>Y, por supuesto, ya que vienes aprovecha para <strong>comer rico en alguno de los buen\u00edsimos restaurantes que hay en la Val d\u2019Aran que ofrecen las jornadas gastron\u00f3micas con platos que saben a tierra, a tradiciones<\/strong>.<\/p>\n<p>Como ves, \u00a1<strong>los buenos planes en oto\u00f1o en la Val d\u2019Aran est\u00e1s m\u00e1s que asegurados!<\/strong> \u00a1Ven y disfruta de la #VIDAVerneda en modo oto\u00f1al!<\/p>\n","protected":false},"excerpt":{"rendered":"<p>Llega el primer puente largo y lo hace en modo oto\u00f1o\u00a0 \u00a1y nos encanta! Pasar el oto\u00f1o en este lado de los Pirineos ya es [&hellip;]<\/p>\n","protected":false},"author":1,"featured_media":4245,"comment_status":"open","ping_status":"open","sticky":false,"template":"","format":"standard","meta":[],"categories":[71],"tags":[316,984,1167,353,1252,1386,1387,818],"_links":{"self":[{"href":"http:\/\/www.campingverneda.com\/blog\/wp-json\/wp\/v2\/posts\/4243"}],"collection":[{"href":"http:\/\/www.campingverneda.com\/blog\/wp-json\/wp\/v2\/posts"}],"about":[{"href":"http:\/\/www.campingverneda.com\/blog\/wp-json\/wp\/v2\/types\/post"}],"author":[{"embeddable":true,"href":"http:\/\/www.campingverneda.com\/blog\/wp-json\/wp\/v2\/users\/1"}],"replies":[{"embeddable":true,"href":"http:\/\/www.campingverneda.com\/blog\/wp-json\/wp\/v2\/comments?post=4243"}],"version-history":[{"count":4,"href":"http:\/\/www.campingverneda.com\/blog\/wp-json\/wp\/v2\/posts\/4243\/revisions"}],"predecessor-version":[{"id":4249,"href":"http:\/\/www.campingverneda.com\/blog\/wp-json\/wp\/v2\/posts\/4243\/revisions\/4249"}],"wp:featuredmedia":[{"embeddable":true,"href":"http:\/\/www.campingverneda.com\/blog\/wp-json\/wp\/v2\/media\/4245"}],"wp:attachment":[{"href":"http:\/\/www.campingverneda.com\/blog\/wp-json\/wp\/v2\/media?parent=4243"}],"wp:term":[{"taxonomy":"category","embeddable":true,"href":"http:\/\/www.campingverneda.com\/blog\/wp-json\/wp\/v2\/categories?post=4243"},{"taxonomy":"post_tag","embeddable":true,"href":"http:\/\/www.campingverneda.com\/blog\/wp-json\/wp\/v2\/tags?post=4243"}],"curies":[{"name":"wp","href":"https:\/\/api.w.org\/{rel}","templated":true}]}}