{"id":4230,"date":"2022-10-19T07:53:51","date_gmt":"2022-10-19T07:53:51","guid":{"rendered":"http:\/\/www.campingverneda.com\/blog\/?p=4230"},"modified":"2023-12-12T08:46:00","modified_gmt":"2023-12-12T08:46:00","slug":"reservas-abiertas-para-el-verano-2023","status":"publish","type":"post","link":"http:\/\/www.campingverneda.com\/blog\/2022\/10\/19\/reservas-abiertas-para-el-verano-2023\/","title":{"rendered":"Reservas abiertas para el verano 2023"},"content":{"rendered":"<div id=\"attachment_4231\" style=\"width: 557px\" class=\"wp-caption alignright\"><a href=\"http:\/\/www.campingverneda.com\/blog\/2022\/10\/19\/reservas-abiertas-para-el-verano-2023\/verneda-camping-mountain-resort-14\/\" rel=\"attachment wp-att-4231\"><img aria-describedby=\"caption-attachment-4231\" decoding=\"async\" loading=\"lazy\" class=\" wp-image-4231\" src=\"http:\/\/www.campingverneda.com\/blog\/wp-content\/uploads\/2022\/10\/verneda-camping-mountain-resort.png\" alt=\"Camping Verneda en la Val d'Aran\" width=\"547\" height=\"492\" srcset=\"http:\/\/www.campingverneda.com\/blog\/wp-content\/uploads\/2022\/10\/verneda-camping-mountain-resort-200x180.png 200w, http:\/\/www.campingverneda.com\/blog\/wp-content\/uploads\/2022\/10\/verneda-camping-mountain-resort-300x270.png 300w, http:\/\/www.campingverneda.com\/blog\/wp-content\/uploads\/2022\/10\/verneda-camping-mountain-resort-400x360.png 400w, http:\/\/www.campingverneda.com\/blog\/wp-content\/uploads\/2022\/10\/verneda-camping-mountain-resort-600x540.png 600w, http:\/\/www.campingverneda.com\/blog\/wp-content\/uploads\/2022\/10\/verneda-camping-mountain-resort-768x691.png 768w, http:\/\/www.campingverneda.com\/blog\/wp-content\/uploads\/2022\/10\/verneda-camping-mountain-resort-800x720.png 800w, http:\/\/www.campingverneda.com\/blog\/wp-content\/uploads\/2022\/10\/verneda-camping-mountain-resort-1024x921.png 1024w, http:\/\/www.campingverneda.com\/blog\/wp-content\/uploads\/2022\/10\/verneda-camping-mountain-resort-1200x1079.png 1200w, http:\/\/www.campingverneda.com\/blog\/wp-content\/uploads\/2022\/10\/verneda-camping-mountain-resort.png 1532w\" sizes=\"(max-width: 547px) 100vw, 547px\" \/><\/a><p id=\"caption-attachment-4231\" class=\"wp-caption-text\"><strong>Parcelas con c\u00e9sped natural<\/strong><\/p><\/div>\n<p>Si te encanta venir a vernos en verano, si eres de las personas que siempre repite, o si simplemente eres tremendamente organizado u organizada y <strong>te gusta programar tus vacaciones de verano con tiempo<\/strong> para no quedarte sin espacio a \u00faltima hora, <strong>\u00a1ya tenemos abiertas las reservas para el <\/strong><strong>pr\u00f3ximo verano de 2023!<\/strong><\/p>\n<p>Cada verano lo pasamos mejor que el anterior. Gracias a vosotros y vosotras,<strong> escuchamos, tomamos nota de vuestras sugerencias, aprendemos y ponemos en pr\u00e1ctica todo aquello que nos recomend\u00e1is.<\/strong> Con todo esto hacemos que cada verano sea \u00e9pico, y el de 2023 repetimos con todo lo que nos hab\u00e9is comentado este pasado verano.<\/p>\n<p>As\u00ed que si quieres ir programando tus vacaciones de verano de 2023 en Verneda Camping Mountain Resort, ya sea en uno de nuestros bungalows hechos a medida, en camping o con vuestra autocaravana o furgoneta, \u00a1que sepas que<a href=\"https:\/\/thelisresa.webcamp.fr\/?camping=verneda&amp;lang=es&amp;PHPSESSID=ue36rtqgjk9mhlg5u9c34ufibm\" target=\"_blank\" rel=\"noopener\"><strong> ya puedes reservar para vivir un verano con los tuyos<\/strong><\/a>!<\/p>\n<p>Y es que <strong>planificar las vacaciones de verano<\/strong> desde ya tiene la ventaja de estar so\u00f1ando durante todo el a\u00f1o con lo que os espera en vuestras pr\u00f3ximas vacaciones con nosotros. Si ya has venido otros veranos a Verneda Camping Mountain Resort y conoces el placer de levantarte a las orillas del r\u00edo Garona, rodeado de monta\u00f1as, hacer el primer paseo con tu perrete por el Camino Reiau -incluso en pijama- y olvidarte del reloj durante d\u00edas, ya sabes de lo que hablamos<a href=\"https:\/\/www.instagram.com\/vida_verneda\/\" target=\"_blank\" rel=\"noopener\"> cuando hablamos de la #VIDAVerneda<\/a>.<\/p>\n<p>Si todav\u00eda nos has venido, que sepas que el verano en este valle de valles es <strong>el mejor plan para toda la familia<\/strong>. Adem\u00e1s de estar rodeados de Naturaleza, en verano tenemos conciertos en directo todas las semanas, actividades para mayores y peque\u00f1os\/as, excursiones para adultos, Circoloco para los\/as peques de la casa con animadores infantiles\u2026 \u00a1Y un mont\u00f3n de otros buenos planes!<\/p>\n<p>Aprovecha ahora y haz tu reserva para el pr\u00f3ximo verano, as\u00ed el curso se pasa mejor.<\/p>\n<p>\u00a1Nos vemos el pr\u00f3ximo verano entre chapuzones en nuestra piscina climatizada y muchas risas!<\/p>\n","protected":false},"excerpt":{"rendered":"<p>Si te encanta venir a vernos en verano, si eres de las personas que siempre repite, o si simplemente eres tremendamente organizado u organizada y [&hellip;]<\/p>\n","protected":false},"author":1,"featured_media":4232,"comment_status":"open","ping_status":"open","sticky":false,"template":"","format":"standard","meta":[],"categories":[69],"tags":[1217,91,51,1382,1383,1384,1385,1381,1380],"_links":{"self":[{"href":"http:\/\/www.campingverneda.com\/blog\/wp-json\/wp\/v2\/posts\/4230"}],"collection":[{"href":"http:\/\/www.campingverneda.com\/blog\/wp-json\/wp\/v2\/posts"}],"about":[{"href":"http:\/\/www.campingverneda.com\/blog\/wp-json\/wp\/v2\/types\/post"}],"author":[{"embeddable":true,"href":"http:\/\/www.campingverneda.com\/blog\/wp-json\/wp\/v2\/users\/1"}],"replies":[{"embeddable":true,"href":"http:\/\/www.campingverneda.com\/blog\/wp-json\/wp\/v2\/comments?post=4230"}],"version-history":[{"count":8,"href":"http:\/\/www.campingverneda.com\/blog\/wp-json\/wp\/v2\/posts\/4230\/revisions"}],"predecessor-version":[{"id":4240,"href":"http:\/\/www.campingverneda.com\/blog\/wp-json\/wp\/v2\/posts\/4230\/revisions\/4240"}],"wp:featuredmedia":[{"embeddable":true,"href":"http:\/\/www.campingverneda.com\/blog\/wp-json\/wp\/v2\/media\/4232"}],"wp:attachment":[{"href":"http:\/\/www.campingverneda.com\/blog\/wp-json\/wp\/v2\/media?parent=4230"}],"wp:term":[{"taxonomy":"category","embeddable":true,"href":"http:\/\/www.campingverneda.com\/blog\/wp-json\/wp\/v2\/categories?post=4230"},{"taxonomy":"post_tag","embeddable":true,"href":"http:\/\/www.campingverneda.com\/blog\/wp-json\/wp\/v2\/tags?post=4230"}],"curies":[{"name":"wp","href":"https:\/\/api.w.org\/{rel}","templated":true}]}}