{"id":4219,"date":"2022-09-23T11:10:05","date_gmt":"2022-09-23T11:10:05","guid":{"rendered":"http:\/\/www.campingverneda.com\/blog\/?p=4219"},"modified":"2023-01-20T12:22:37","modified_gmt":"2023-01-20T12:22:37","slug":"el-ambientalismo-que-es-y-como-ser-ambientalista","status":"publish","type":"post","link":"http:\/\/www.campingverneda.com\/blog\/2022\/09\/23\/el-ambientalismo-que-es-y-como-ser-ambientalista\/","title":{"rendered":"El ambientalismo: \u00bfqu\u00e9 es y como ser ambientalista?"},"content":{"rendered":"<p>Ambientalismo, ecologismo, calentamiento global, sostenibilidad\u2026 Todos estos t\u00e9rminos y conceptos te suenan, \u00bfpero sabes concretamente qu\u00e9 eso del ambientalismo?<\/p>\n<div id=\"attachment_4220\" style=\"width: 329px\" class=\"wp-caption alignright\"><a href=\"http:\/\/www.campingverneda.com\/blog\/2022\/09\/23\/el-ambientalismo-que-es-y-como-ser-ambientalista\/visit-vielha-artiga-de-lin-autunm-2021-01\/\" rel=\"attachment wp-att-4220\"><img aria-describedby=\"caption-attachment-4220\" decoding=\"async\" loading=\"lazy\" class=\" wp-image-4220\" src=\"http:\/\/www.campingverneda.com\/blog\/wp-content\/uploads\/2022\/09\/Visit-Vielha-artiga-de-LIN-autunm-2021-01.jpg\" alt=\"\" width=\"319\" height=\"568\" \/><\/a><p id=\"caption-attachment-4220\" class=\"wp-caption-text\">Caballos enla Artiga de LIn<\/p><\/div>\n<p>El ambientalismo es un termino que se refiere al <strong>movimiento social que tiene como objetivo la preservaci\u00f3n y protecci\u00f3n del medio ambiente<\/strong>, la responsabilidad de la poblaci\u00f3n respecto al cambio clim\u00e1tico, la prevenci\u00f3n de la extinci\u00f3n de especies, entre otras. Este movimiento que pretende equilibrar las relaciones entre los humanos y los diversos sistemas naturales de los que dependemos, de tal manera que se otorgue a todos los componentes un grado adecuado de sostenibilidad y de convivencia.<\/p>\n<p>Este concepto, ha ido creciendo y calando en las sociedades desde la segunda mitrad del siglo XX. La preocupaci\u00f3n \u201clegal\u201d por el medio ambiente comenz\u00f3 durante la d\u00e9cada de los a\u00f1os \u201970, donde la protecci\u00f3n medioambiental se desarroll\u00f3 desde un punto de vista vertical (es decir, en defensa de la atm\u00f3sfera, las aguas dulces, el medio marino\u2026 Pero no fue hasta los a\u00f1os \u201980 cuando se dio paso a una regulaci\u00f3n m\u00e1s horizontal, estableciendo y determinado c\u00f3mo hab\u00eda que actuar con los residuos, por ejemplo. A d\u00eda de hoy la preocupaci\u00f3n por la conservaci\u00f3n del medio ambiente es un tema clave, candente y muy necesario, tal como se demostr\u00f3 el 25 de septiembre de 2015, donde los l\u00edderes mundiales adoptaron un conjunto de objetivos globales para erradicar la pobreza, proteger el planeta y asegurar la prosperidad para todos como parte de una<a href=\"https:\/\/www.un.org\/sustainabledevelopment\/es\/objetivos-de-desarrollo-sostenible\/\" target=\"_blank\" rel=\"noopener\"><strong> nueva agenda de desarrollo sostenible<\/strong><\/a>.<\/p>\n<p>La idea de que solamente los expertos pueden hacer un cambio positivo en el planeta ya forma parte del pasado. Ser consciente es lo primero. Decir que amamos el planeta y que tenemos curiosidad por c\u00f3mo mejorar est\u00e1 bien. Pero <strong>ser pasivo ya no es una opci\u00f3n<\/strong>. Todos y cada uno de nosotros <strong>debemos hacer un cambio, una transformaci\u00f3n colectiva de perspectiva y de h\u00e1bitos hacia una sociedad que est\u00e9 en sincron\u00eda con la Naturaleza<\/strong>, porque no tiene ning\u00fan sentido que sigamos destruyendo aquello que nos da vida. Porque quiz\u00e1s alg\u00fan d\u00eda tambi\u00e9n nos la va a quitar.<\/p>\n<p>As\u00ed que os dejamos con 5 consejos b\u00e1sicos para empezar a ser ambientalista:<\/p>\n<ol>\n<li>Reintegra tu basura org\u00e1nica a la naturaleza. Casi un 50% de la basura que generamos es org\u00e1nica. Lo que os proponemos es qu\u00e9 hag\u00e1is compost y que pueda servir como abono de vuestro jard\u00edn, de vuestras plantas o vuestro huerto. Tan solo necesitas una caja con orificios.<\/li>\n<li>Desp\u00eddete del pl\u00e1stico de un solo uso. Atr\u00e9vete a probar productos de higiene sin envases, compra a granel, llevar siempre tu termo o botella reutilizable\u2026 \u00a1Eliminemos el pl\u00e1stico de nuestras vidas!<\/li>\n<li>Compra, bebe y consume local. Contribuyes a la econom\u00eda local, a las personas que lo producen. De esta forma creas un impacto positivo y colaborativo en tu comunidad.<\/li>\n<li>Desconecta todo lo electr\u00f3nico. Apaga luces, desconecta lo que no est\u00e9s usando como electrodom\u00e9sticos o cargadores. La producci\u00f3n de energ\u00eda masiva que realizamos es muy da\u00f1ina para el planeta. Y si puedes, apuesta siempre por energ\u00edas renovables.<\/li>\n<li>Reduce el consumo de agua. Optim\u00edzalo, reduce tus duchas, cierra el grifo. Haz uno uso racional.<\/li>\n<\/ol>\n<p>\u00danete al cambio y piensa m\u00e1s en el planeta, porque s\u00f3lo tenemos uno. #thereisnoplanetB<\/p>\n","protected":false},"excerpt":{"rendered":"<p>Ambientalismo, ecologismo, calentamiento global, sostenibilidad\u2026 Todos estos t\u00e9rminos y conceptos te suenan, \u00bfpero sabes concretamente qu\u00e9 eso del ambientalismo? El ambientalismo es un termino que [&hellip;]<\/p>\n","protected":false},"author":1,"featured_media":4221,"comment_status":"open","ping_status":"open","sticky":false,"template":"","format":"standard","meta":[],"categories":[1276],"tags":[1375,1376,1344,1378,11,1377,1379,57,348,188,13,818],"_links":{"self":[{"href":"http:\/\/www.campingverneda.com\/blog\/wp-json\/wp\/v2\/posts\/4219"}],"collection":[{"href":"http:\/\/www.campingverneda.com\/blog\/wp-json\/wp\/v2\/posts"}],"about":[{"href":"http:\/\/www.campingverneda.com\/blog\/wp-json\/wp\/v2\/types\/post"}],"author":[{"embeddable":true,"href":"http:\/\/www.campingverneda.com\/blog\/wp-json\/wp\/v2\/users\/1"}],"replies":[{"embeddable":true,"href":"http:\/\/www.campingverneda.com\/blog\/wp-json\/wp\/v2\/comments?post=4219"}],"version-history":[{"count":7,"href":"http:\/\/www.campingverneda.com\/blog\/wp-json\/wp\/v2\/posts\/4219\/revisions"}],"predecessor-version":[{"id":4228,"href":"http:\/\/www.campingverneda.com\/blog\/wp-json\/wp\/v2\/posts\/4219\/revisions\/4228"}],"wp:featuredmedia":[{"embeddable":true,"href":"http:\/\/www.campingverneda.com\/blog\/wp-json\/wp\/v2\/media\/4221"}],"wp:attachment":[{"href":"http:\/\/www.campingverneda.com\/blog\/wp-json\/wp\/v2\/media?parent=4219"}],"wp:term":[{"taxonomy":"category","embeddable":true,"href":"http:\/\/www.campingverneda.com\/blog\/wp-json\/wp\/v2\/categories?post=4219"},{"taxonomy":"post_tag","embeddable":true,"href":"http:\/\/www.campingverneda.com\/blog\/wp-json\/wp\/v2\/tags?post=4219"}],"curies":[{"name":"wp","href":"https:\/\/api.w.org\/{rel}","templated":true}]}}