{"id":4207,"date":"2022-09-21T14:24:23","date_gmt":"2022-09-21T14:24:23","guid":{"rendered":"http:\/\/www.campingverneda.com\/blog\/?p=4207"},"modified":"2023-01-20T12:17:44","modified_gmt":"2023-01-20T12:17:44","slug":"bienvenido-sea-el-otono-y-sus-promociones","status":"publish","type":"post","link":"http:\/\/www.campingverneda.com\/blog\/2022\/09\/21\/bienvenido-sea-el-otono-y-sus-promociones\/","title":{"rendered":"\u00a1Bienvenido sea el oto\u00f1o y sus promociones!"},"content":{"rendered":"<div id=\"attachment_4208\" style=\"width: 404px\" class=\"wp-caption alignright\"><a href=\"http:\/\/www.campingverneda.com\/blog\/2022\/09\/21\/bienvenido-sea-el-otono-y-sus-promociones\/verneda-onot-valdaran\/\" rel=\"attachment wp-att-4208\"><img aria-describedby=\"caption-attachment-4208\" decoding=\"async\" loading=\"lazy\" class=\"wp-image-4208\" src=\"http:\/\/www.campingverneda.com\/blog\/wp-content\/uploads\/2022\/09\/verneda-onot-valdaran.jpg\" alt=\"Otono\u00f1o en la Va d'Aran el emjor lugar para sentir la naturaleza\" width=\"394\" height=\"590\" \/><\/a><p id=\"caption-attachment-4208\" class=\"wp-caption-text\">Oto\u00f1o en el bosque de Conangles<\/p><\/div>\n<p>Inauguramos el oto\u00f1o en la Val d\u2019Aran, y lo hacemos repletos de buenas actividades para mayores y peque\u00f1os.<\/p>\n<p>Hay una cosa que est\u00e1 muy clara: estar en<strong> la Val d\u2019Aran en oto\u00f1o ya es una actividad por s\u00ed misma<\/strong>: las hojas de los \u00e1rboles centenarios se van cayendo, dejando a su paso una alfombra que quita el hipo, los \u00e1rboles se ti\u00f1en de colores convirtiendo nuestras monta\u00f1as en juegos crom\u00e1ticos, la luz de vuelve tenue, c\u00e1lida y agradable.<\/p>\n<p>El oto\u00f1o es el mejor momento para disfrutar del paisaje, de paseos por los bosques, de recoger setas, de ver y escuchar c\u00f3mo los ciervos inician la berrea, de las ferias ganaderas, de la gastronom\u00eda directa de la tierra a la mesa\u2026 <strong>El oto\u00f1o NOS ENCANTA porque es todo un espect\u00e1culo para los sentidos<\/strong>.<\/p>\n<p>As\u00ed que aprovecha este momento para escapar y reflexionar, para reconectar con las tradiciones y con la Naturaleza que nos rodea.<strong> \u00a1Esc\u00e1pate con nuestra promociones oto\u00f1ales!<\/strong> Porque para los que dese\u00e1is vivir el oto\u00f1o aut\u00e9ntico, no hay nada mejor que hacerlo desde nuestros c\u00e1lidos bungalows de madera, en los que podr\u00e9is descansar entre paseos, tomar el aire desde vuestra terraza o simplemente dejaros llevar desde vuestra zona de jard\u00edn particular. Porque a veces ver llover o el <em>dolce far niente<\/em> es el mejor de los planes.<\/p>\n<p>Para aquellos que busqu\u00e9is una experiencia este oto\u00f1o os lo ponemos f\u00e1cil con nuestras promociones:<\/p>\n<ul>\n<li><strong>35% de descuento<\/strong> en nuestros bungalows de madera en<strong> septiembre y octubre.<\/strong> Para acceder a la <strong>promoci\u00f3n tan s\u00f3lo ten\u00e9is que hacer <a href=\"https:\/\/thelisresa.webcamp.fr\/list.php?camping=verneda&amp;track=1392022&amp;type=2&amp;typelocation=2&amp;nb_pers=0&amp;begin=2022-09-25&amp;end=2022-10-02&amp;duration=7&amp;beginType=0&amp;tolerance=0&amp;lang=es&amp;PHPSESSID=1fj61sgn2kt6cl68lp75lgrmi7\" target=\"_blank\" rel=\"noopener\">click aqu\u00ed<\/a><\/strong>.<\/li>\n<\/ul>\n<p>&nbsp;<\/p>\n<ul>\n<li>Y si s\u00f3lo puedes escaparte para el pr\u00f3ximo <strong>puente de Todos los Santos (del 28\/10 al 1\/11)<\/strong> y deseas vivir la casta\u00f1ada, el Halloween, o simplemente comer panellets y casta\u00f1as, os dejamos un<strong> 15% de descuento. Haz<a href=\"https:\/\/thelisresa.webcamp.fr\/list.php?camping=verneda&amp;track=492022&amp;type=2&amp;typelocation=2&amp;nb_pers=0&amp;begin=2022-10-28&amp;end=2022-11-01&amp;duration=4&amp;beginType=0&amp;tolerance=0&amp;lang=es&amp;PHPSESSID=2rodspcghh6sjpiui1ot1gf9hi\" target=\"_blank\" rel=\"noopener\"> clic aqu\u00ed<\/a> y reserva ya<\/strong>.<\/li>\n<\/ul>\n<p>Os invitamos a que os escap\u00e9is de la rutina tras la vuelta al cole y veng\u00e1is a deleitaros con todo lo que os podemos ofrecer. <strong>El oto\u00f1o es una \u00e9poca excepcional para perderse, para explorar.<\/strong> Es uno de los mejores momentos para poder disfrutar de nuestra Val d\u2019Aran con tranquilidad y sin el bullicio al que estamos acostumbrados en verano y en invierno.<\/p>\n<p>\u00bfVen\u00eds?<\/p>\n","protected":false},"excerpt":{"rendered":"<p>Inauguramos el oto\u00f1o en la Val d\u2019Aran, y lo hacemos repletos de buenas actividades para mayores y peque\u00f1os. Hay una cosa que est\u00e1 muy clara: [&hellip;]<\/p>\n","protected":false},"author":1,"featured_media":4209,"comment_status":"open","ping_status":"open","sticky":false,"template":"","format":"standard","meta":[],"categories":[69],"tags":[17,1368,1192,1194,1367,11,1093,1371,306,1374,1372,1370,1369,1373,42,818,1161],"_links":{"self":[{"href":"http:\/\/www.campingverneda.com\/blog\/wp-json\/wp\/v2\/posts\/4207"}],"collection":[{"href":"http:\/\/www.campingverneda.com\/blog\/wp-json\/wp\/v2\/posts"}],"about":[{"href":"http:\/\/www.campingverneda.com\/blog\/wp-json\/wp\/v2\/types\/post"}],"author":[{"embeddable":true,"href":"http:\/\/www.campingverneda.com\/blog\/wp-json\/wp\/v2\/users\/1"}],"replies":[{"embeddable":true,"href":"http:\/\/www.campingverneda.com\/blog\/wp-json\/wp\/v2\/comments?post=4207"}],"version-history":[{"count":8,"href":"http:\/\/www.campingverneda.com\/blog\/wp-json\/wp\/v2\/posts\/4207\/revisions"}],"predecessor-version":[{"id":4217,"href":"http:\/\/www.campingverneda.com\/blog\/wp-json\/wp\/v2\/posts\/4207\/revisions\/4217"}],"wp:featuredmedia":[{"embeddable":true,"href":"http:\/\/www.campingverneda.com\/blog\/wp-json\/wp\/v2\/media\/4209"}],"wp:attachment":[{"href":"http:\/\/www.campingverneda.com\/blog\/wp-json\/wp\/v2\/media?parent=4207"}],"wp:term":[{"taxonomy":"category","embeddable":true,"href":"http:\/\/www.campingverneda.com\/blog\/wp-json\/wp\/v2\/categories?post=4207"},{"taxonomy":"post_tag","embeddable":true,"href":"http:\/\/www.campingverneda.com\/blog\/wp-json\/wp\/v2\/tags?post=4207"}],"curies":[{"name":"wp","href":"https:\/\/api.w.org\/{rel}","templated":true}]}}