{"id":4201,"date":"2022-09-19T10:40:58","date_gmt":"2022-09-19T10:40:58","guid":{"rendered":"http:\/\/www.campingverneda.com\/blog\/?p=4201"},"modified":"2023-01-20T12:21:32","modified_gmt":"2023-01-20T12:21:32","slug":"casteth-leon-parte-de-la-historia-y-del-patrimonio-aranes","status":"publish","type":"post","link":"http:\/\/www.campingverneda.com\/blog\/2022\/09\/19\/casteth-leon-parte-de-la-historia-y-del-patrimonio-aranes\/","title":{"rendered":"Cast\u00e8th Leon, parte de la historia y del patrimonio aran\u00e9s"},"content":{"rendered":"<p>El s\u00e1bado pasado, el Conselh Generau d\u2019Aran y el Ayuntamiento de \u00c8s Bordes llevaron cabo un acto de presentaci\u00f3n del video de la<strong> reconstrucci\u00f3n virtual del Cast\u00e8th Leon de la poblaci\u00f3n de Es B\u00f2rdes<\/strong>, que se enmarca dentro del Plan de Sostenibilidad Tur\u00edstica de la Val d\u2019Aran.<\/p>\n<p>Este castillo data de 1283 y fue la sede del gobernador, representante militar y cabeza de la administraci\u00f3n real en Aran. En el siglo XVI, las guerras que Carlos I y Felipe II de Espa\u00f1a llevaron a cabo contra Francia, convirtieron a este emplazamiento en <strong>una de las fortalezas m\u00e1s importantes de la frontera<\/strong>, debido a su estrat\u00e9gica ubicaci\u00f3n. Por este motivo, el castillo fue objeto de diversas modificaciones que ten\u00edan como objetivo reforzarlo. En el siglo siguiente, durante el transcurso de las Guerras dels Segadors (1640-1652) y de Sucesi\u00f3n (1701-1715), el castillo fue escenario de sangrientas luchas, que lo dejaron pr\u00e1cticamente destruido. Pero fue en 1719 cuando las tropas francesas lo destruyeron pr\u00e1cticamente por completo para evitar que volvieran a aparecer nuevas resistencias o movimientos. Finalmente Cast\u00e8th Leon, fue abandonado y destruido y, con las piedras de sus ruinas, se construyeron la iglesia y las primeras casas del pueblo.<\/p>\n<p>Con el objetivo de promocionar las visitas a este<strong> lugar hist\u00f3rico<\/strong>, desde el Conselh Generau, se ha realizado un video divulgativo sobre los hecho m\u00e1s relevantes ah\u00ed acontecidos que podr\u00e1 consultarse a trav\u00e9s de un c\u00f3digo QR. Adem\u00e1s, con el objetivo de que l<strong>os visitantes puedan vivir una experiencia plena en la visita al Cast\u00e8th Leon<\/strong>, tambi\u00e9n se han colocado unos carteles informativos para comprender mejor las ruinas.<\/p>\n<p>El v\u00eddeo, es obra de nuestro amigo Axel Dettoni y est\u00e1 basado en la documentaci\u00f3n gr\u00e1fica, planos y un alzado del castillo de 1594, descripciones escritas, resultados de las catas arqueol\u00f3gicas y una comparativa con otras fortificaciones de la misma \u00e9poca.<\/p>\n<div class=\"video-shortcode\"><iframe loading=\"lazy\" width=\"1778\" height=\"1000\" src=\"https:\/\/www.youtube.com\/embed\/AySEKgemyvA?feature=oembed\" frameborder=\"0\" allow=\"accelerometer; autoplay; clipboard-write; encrypted-media; gyroscope; picture-in-picture\" allowfullscreen title=\"Cast\u00e8th Leon, Val d'Aran\"><\/iframe><\/div>\n<p>El acceso al castillo es muy f\u00e1cil, y<strong> si est\u00e1s alojado\/a en Verneda Camping Mountain Resort, lo tienes a menos de 30 minutos caminado por el Camin Reiau<\/strong>. \u00a1Una experiencia totalmente recomendada!<\/p>\n","protected":false},"excerpt":{"rendered":"<p>El s\u00e1bado pasado, el Conselh Generau d\u2019Aran y el Ayuntamiento de \u00c8s Bordes llevaron cabo un acto de presentaci\u00f3n del video de la reconstrucci\u00f3n virtual [&hellip;]<\/p>\n","protected":false},"author":1,"featured_media":4202,"comment_status":"open","ping_status":"open","sticky":false,"template":"","format":"standard","meta":[],"categories":[71],"tags":[204,11,1364,1366,105,1365,94,318,13,42,818],"_links":{"self":[{"href":"http:\/\/www.campingverneda.com\/blog\/wp-json\/wp\/v2\/posts\/4201"}],"collection":[{"href":"http:\/\/www.campingverneda.com\/blog\/wp-json\/wp\/v2\/posts"}],"about":[{"href":"http:\/\/www.campingverneda.com\/blog\/wp-json\/wp\/v2\/types\/post"}],"author":[{"embeddable":true,"href":"http:\/\/www.campingverneda.com\/blog\/wp-json\/wp\/v2\/users\/1"}],"replies":[{"embeddable":true,"href":"http:\/\/www.campingverneda.com\/blog\/wp-json\/wp\/v2\/comments?post=4201"}],"version-history":[{"count":2,"href":"http:\/\/www.campingverneda.com\/blog\/wp-json\/wp\/v2\/posts\/4201\/revisions"}],"predecessor-version":[{"id":4205,"href":"http:\/\/www.campingverneda.com\/blog\/wp-json\/wp\/v2\/posts\/4201\/revisions\/4205"}],"wp:featuredmedia":[{"embeddable":true,"href":"http:\/\/www.campingverneda.com\/blog\/wp-json\/wp\/v2\/media\/4202"}],"wp:attachment":[{"href":"http:\/\/www.campingverneda.com\/blog\/wp-json\/wp\/v2\/media?parent=4201"}],"wp:term":[{"taxonomy":"category","embeddable":true,"href":"http:\/\/www.campingverneda.com\/blog\/wp-json\/wp\/v2\/categories?post=4201"},{"taxonomy":"post_tag","embeddable":true,"href":"http:\/\/www.campingverneda.com\/blog\/wp-json\/wp\/v2\/tags?post=4201"}],"curies":[{"name":"wp","href":"https:\/\/api.w.org\/{rel}","templated":true}]}}