{"id":4193,"date":"2022-09-14T13:57:47","date_gmt":"2022-09-14T13:57:47","guid":{"rendered":"http:\/\/www.campingverneda.com\/blog\/?p=4193"},"modified":"2023-01-20T12:18:15","modified_gmt":"2023-01-20T12:18:15","slug":"servicios-de-bar-restaurante-y-piscina-cerrados","status":"publish","type":"post","link":"http:\/\/www.campingverneda.com\/blog\/2022\/09\/14\/servicios-de-bar-restaurante-y-piscina-cerrados\/","title":{"rendered":"Servicios de bar, restaurante y piscina cerrados"},"content":{"rendered":"<div id=\"attachment_4195\" style=\"width: 321px\" class=\"wp-caption alignright\"><a href=\"http:\/\/www.campingverneda.com\/blog\/2022\/09\/14\/servicios-de-bar-restaurante-y-piscina-cerrados\/aran-camping-verneda-ponis-mountainresort-valdaran\/\" rel=\"attachment wp-att-4195\"><img aria-describedby=\"caption-attachment-4195\" decoding=\"async\" loading=\"lazy\" class=\" wp-image-4195\" src=\"http:\/\/www.campingverneda.com\/blog\/wp-content\/uploads\/2022\/09\/aran-camping-Verneda-ponis-mountainresort-valdaran.jpg\" alt=\"Camping Verneda actividades infantiles\" width=\"311\" height=\"415\" srcset=\"http:\/\/www.campingverneda.com\/blog\/wp-content\/uploads\/2022\/09\/aran-camping-Verneda-ponis-mountainresort-valdaran-200x267.jpg 200w, http:\/\/www.campingverneda.com\/blog\/wp-content\/uploads\/2022\/09\/aran-camping-Verneda-ponis-mountainresort-valdaran-225x300.jpg 225w, http:\/\/www.campingverneda.com\/blog\/wp-content\/uploads\/2022\/09\/aran-camping-Verneda-ponis-mountainresort-valdaran-400x533.jpg 400w, http:\/\/www.campingverneda.com\/blog\/wp-content\/uploads\/2022\/09\/aran-camping-Verneda-ponis-mountainresort-valdaran-600x800.jpg 600w, http:\/\/www.campingverneda.com\/blog\/wp-content\/uploads\/2022\/09\/aran-camping-Verneda-ponis-mountainresort-valdaran-768x1024.jpg 768w, http:\/\/www.campingverneda.com\/blog\/wp-content\/uploads\/2022\/09\/aran-camping-Verneda-ponis-mountainresort-valdaran-800x1067.jpg 800w, http:\/\/www.campingverneda.com\/blog\/wp-content\/uploads\/2022\/09\/aran-camping-Verneda-ponis-mountainresort-valdaran-1200x1600.jpg 1200w, http:\/\/www.campingverneda.com\/blog\/wp-content\/uploads\/2022\/09\/aran-camping-Verneda-ponis-mountainresort-valdaran.jpg 3024w\" sizes=\"(max-width: 311px) 100vw, 311px\" \/><\/a><p id=\"caption-attachment-4195\" class=\"wp-caption-text\">Actividades infantiles con nuestros ponis<\/p><\/div>\n<p>Todav\u00eda no se ha terminado el verano y nosotros ya lo echamos de menos \u00a1Y menudo verano!<\/p>\n<p>Han sido unos meses de mucho trabajo con el \u00fanico objetivo de haceros sentir c\u00f3mo en casa (o mejor), de cuidaros, de ofreceros todo lo que est\u00e1 a nuestro alcance para hacer de vuestras vacaciones un recuerdo inolvidable.<\/p>\n<p>Hemos re\u00eddo en familia y entre amigos, hemos bailado con una <strong>novedosa programaci\u00f3n en Es Nets deth Verneda<\/strong>, los m\u00e1s peque\u00f1os han disfrutado como nunca en nuestras <a href=\"https:\/\/www.instagram.com\/p\/Cg_fZesF_Jl\/\" target=\"_blank\" rel=\"noopener\"><strong>actividades infantiles<\/strong><\/a> junto a Marc, Andrea y los distintos protagonistas de nuestro Circoloco. Hemos<strong> caminado juntos por los senderos de la Val d\u2019Aran<\/strong> de la mano de los mejores gu\u00edas. Nos hemos puesto a remojo en la <a href=\"https:\/\/www.instagram.com\/p\/CgvzHi7lLag\/\" target=\"_blank\" rel=\"noopener\">piscina<\/a> y en r\u00edo\u2026 En definitiva, ha sido un verano para recordar.<\/p>\n<p>Pero como todo lo bueno, llega el fin, y con el inicio del curso escolar ya tenemos<strong> cerrados nuestros servicios de bar, restaurante y piscina<\/strong> hasta el siguiente verano. \u00a1Pero no cerramos del todo!<br \/>\nOs recordamos que hasta<strong> el pr\u00f3ximo 16 de octubre, nuestra zona de acampada sigue abierta<\/strong> y nuestros bungalows os esperan para que sig\u00e1is sumando momentos en este rinc\u00f3n del Pirineo. Un rinc\u00f3n, que est\u00e1 dejando atr\u00e1s el verano para dar paso al oto\u00f1o, \u00a1una de nuestras estaciones favoritas!. Y con la inminente llegada del oto\u00f1o, los colores de nuestras monta\u00f1as cambian, las hojas van cayendo lentamente\u2026<\/p>\n<p>Se respira <strong>tranquilidad, paz y naturaleza<\/strong>. \u00a1El momento perfecto para aquellos que desean escapar a un entorno natural! Adem\u00e1s, para los que os lo est\u00e1is pensado os lo ponemos muy f\u00e1cil con una promoci\u00f3n que tenemos activa en la que os ofrecemos <strong>un <a href=\"http:\/\/Servicios de bar, restaurante y piscina cerrados\" target=\"_blank\" rel=\"noopener\">35% de descuento en nuestros bungalows de madera<\/a><\/strong>.<\/p>\n<p>\u00a1Os esperamos!<\/p>\n","protected":false},"excerpt":{"rendered":"<p>Todav\u00eda no se ha terminado el verano y nosotros ya lo echamos de menos \u00a1Y menudo verano! Han sido unos meses de mucho trabajo con [&hellip;]<\/p>\n","protected":false},"author":1,"featured_media":4194,"comment_status":"open","ping_status":"open","sticky":false,"template":"","format":"standard","meta":[],"categories":[1,72,69],"tags":[1143,1363,448,17,1266,1182,47,1362,1360,11,1361,348,189,63,818],"_links":{"self":[{"href":"http:\/\/www.campingverneda.com\/blog\/wp-json\/wp\/v2\/posts\/4193"}],"collection":[{"href":"http:\/\/www.campingverneda.com\/blog\/wp-json\/wp\/v2\/posts"}],"about":[{"href":"http:\/\/www.campingverneda.com\/blog\/wp-json\/wp\/v2\/types\/post"}],"author":[{"embeddable":true,"href":"http:\/\/www.campingverneda.com\/blog\/wp-json\/wp\/v2\/users\/1"}],"replies":[{"embeddable":true,"href":"http:\/\/www.campingverneda.com\/blog\/wp-json\/wp\/v2\/comments?post=4193"}],"version-history":[{"count":5,"href":"http:\/\/www.campingverneda.com\/blog\/wp-json\/wp\/v2\/posts\/4193\/revisions"}],"predecessor-version":[{"id":4200,"href":"http:\/\/www.campingverneda.com\/blog\/wp-json\/wp\/v2\/posts\/4193\/revisions\/4200"}],"wp:featuredmedia":[{"embeddable":true,"href":"http:\/\/www.campingverneda.com\/blog\/wp-json\/wp\/v2\/media\/4194"}],"wp:attachment":[{"href":"http:\/\/www.campingverneda.com\/blog\/wp-json\/wp\/v2\/media?parent=4193"}],"wp:term":[{"taxonomy":"category","embeddable":true,"href":"http:\/\/www.campingverneda.com\/blog\/wp-json\/wp\/v2\/categories?post=4193"},{"taxonomy":"post_tag","embeddable":true,"href":"http:\/\/www.campingverneda.com\/blog\/wp-json\/wp\/v2\/tags?post=4193"}],"curies":[{"name":"wp","href":"https:\/\/api.w.org\/{rel}","templated":true}]}}