{"id":4186,"date":"2022-08-19T09:48:22","date_gmt":"2022-08-19T09:48:22","guid":{"rendered":"http:\/\/www.campingverneda.com\/blog\/?p=4186"},"modified":"2022-09-21T14:06:26","modified_gmt":"2022-09-21T14:06:26","slug":"aprendiendo-a-ser-mas-sostenibles","status":"publish","type":"post","link":"http:\/\/www.campingverneda.com\/blog\/2022\/08\/19\/aprendiendo-a-ser-mas-sostenibles\/","title":{"rendered":"Aprendiendo a ser m\u00e1s sostenibles"},"content":{"rendered":"<p>Hace tiempo que lo venimos diciendo, pero ahora m\u00e1s que nunca es necesario que prestemos m\u00e1xima atenci\u00f3n a lo que dicen los cient\u00edficos y cient\u00edficas y, sobre todo, los avisos que nos est\u00e1 dando la Naturaleza.<\/p>\n<div id=\"attachment_4188\" style=\"width: 443px\" class=\"wp-caption alignright\"><a href=\"http:\/\/www.campingverneda.com\/blog\/2022\/08\/19\/aprendiendo-a-ser-mas-sostenibles\/verneda-camping-sostenibilidad\/\" rel=\"attachment wp-att-4188\"><img aria-describedby=\"caption-attachment-4188\" decoding=\"async\" loading=\"lazy\" class=\" wp-image-4188\" src=\"http:\/\/www.campingverneda.com\/blog\/wp-content\/uploads\/2022\/08\/verneda-camping-sostenibilidad.png\" alt=\"Val d'Aran destino sostenible\" width=\"433\" height=\"653\" srcset=\"http:\/\/www.campingverneda.com\/blog\/wp-content\/uploads\/2022\/08\/verneda-camping-sostenibilidad-199x300.png 199w, http:\/\/www.campingverneda.com\/blog\/wp-content\/uploads\/2022\/08\/verneda-camping-sostenibilidad-200x302.png 200w, http:\/\/www.campingverneda.com\/blog\/wp-content\/uploads\/2022\/08\/verneda-camping-sostenibilidad-400x604.png 400w, http:\/\/www.campingverneda.com\/blog\/wp-content\/uploads\/2022\/08\/verneda-camping-sostenibilidad-600x905.png 600w, http:\/\/www.campingverneda.com\/blog\/wp-content\/uploads\/2022\/08\/verneda-camping-sostenibilidad-679x1024.png 679w, http:\/\/www.campingverneda.com\/blog\/wp-content\/uploads\/2022\/08\/verneda-camping-sostenibilidad-768x1159.png 768w, http:\/\/www.campingverneda.com\/blog\/wp-content\/uploads\/2022\/08\/verneda-camping-sostenibilidad-800x1207.png 800w, http:\/\/www.campingverneda.com\/blog\/wp-content\/uploads\/2022\/08\/verneda-camping-sostenibilidad.png 841w\" sizes=\"(max-width: 433px) 100vw, 433px\" \/><\/a><p id=\"caption-attachment-4188\" class=\"wp-caption-text\">Aprediendo de la naturaleza<\/p><\/div>\n<p>Este verano estamos viviendo demasiados desastres naturales, olas de calor, incendios devastadores\u2026 <strong>\u00a1Escuchemos a quienes nos avisan y formemos parte activa del cambio!<\/strong> Est\u00e1 en nuestras manos ayudar a que el cambio sea real, en vez de encontrarnos en una situaci\u00f3n clim\u00e1tica sin retorno.<\/p>\n<p>Habitualmente escuchamos que son los pol\u00edticos los que tienen el poder pero aqu\u00ed os damos algunos tips para entender que, como siempre ha sido a lo largo de la historia, es la poblaci\u00f3n con sus acciones quienes consiguen que los cambios sociales se lleven a cabo.<\/p>\n<p><strong>\u00b7 Las industrias m\u00e1s contaminantes son la alimentaria y la textil, \u00fanete al consumo responsable.<\/strong> Esto es que, en vez de comprar m\u00e1s de lo que necesites, compra lo que s\u00ed vayas a utilizar. Adem\u00e1s, consume producto local, tanto en alimentaci\u00f3n como en ropa, no necesitas comer alimentos ni ponerte ropa que haya viajado m\u00e1s que t\u00fa.<\/p>\n<p><strong>\u00b7 Ahorro energ\u00e9tico para ti, para todos y todas.<\/strong> En este punto queda s\u00faper claro que no podemos confiar demasiado en los gobernantes europeos y es que recientemente han colocado la energ\u00eda nuclear como energ\u00eda verde. WTF? Lo mejor que podemos hacer es un uso responsable de la energ\u00eda, la electricidad y el gas. Desenchufa todo aquello que no est\u00e9s utilizando en ese preciso momento, apaga las luces si no las necesitas, etc\u2026 \u00a1Utiliza el sentido com\u00fan!<\/p>\n<p><strong>\u00b7 El agua es la fuente de la vida, \u00a1cu\u00eddala como el tesoro que es!<\/strong> A la gran mayor\u00eda nos encantan las duchas largas, una ba\u00f1era de vez en cuando\u2026 Pero el agua se est\u00e1 acabando. Ya hay demasiados lugares, incluso en la pen\u00ednsula, en las que las restricciones de agua son una realidad. Intenta utilizar la m\u00ednima presi\u00f3n posible para tus quehaceres diarios, utiliza agua de lluvia para los regad\u00edos\u2026 \u00a1En Google hay cientos de tutoriales creativos para el ahorro personal de agua!<\/p>\n<p>Y sobre todo, cuando compres, lo que sea, piensa en la huella ambiental de ese producto desde que empieza a producirse hasta que llega a tus manos. Incluye a tu lista de la compra marcas que s\u00ed se preocupan por el planeta en el que cohabitamos y, aunque al principio te cueste, evita a esas marcas que te venden productos que ya sabemos que no son sostenibles.<\/p>\n<p>El cambio empieza por cada uno de nosotros y nosotras.<\/p>\n<p>Y si te gustar\u00eda aprender m\u00e1s o, incluso, involucrarte de una manera m\u00e1s activa con el mundo que estamos dejando, \u00fanete a algunas de las muchas maneras de <a href=\"https:\/\/greenwire.greenpeace.es\/que-puedes-hacer-tu\" target=\"_blank\" rel=\"noopener\">voluntariado de Greenpeace<\/a> para las personas conscientes.<\/p>\n","protected":false},"excerpt":{"rendered":"<p>Hace tiempo que lo venimos diciendo, pero ahora m\u00e1s que nunca es necesario que prestemos m\u00e1xima atenci\u00f3n a lo que dicen los cient\u00edficos y cient\u00edficas [&hellip;]<\/p>\n","protected":false},"author":1,"featured_media":4187,"comment_status":"open","ping_status":"open","sticky":false,"template":"","format":"standard","meta":[],"categories":[1276],"tags":[1358,1357,1209,809,188,1359],"_links":{"self":[{"href":"http:\/\/www.campingverneda.com\/blog\/wp-json\/wp\/v2\/posts\/4186"}],"collection":[{"href":"http:\/\/www.campingverneda.com\/blog\/wp-json\/wp\/v2\/posts"}],"about":[{"href":"http:\/\/www.campingverneda.com\/blog\/wp-json\/wp\/v2\/types\/post"}],"author":[{"embeddable":true,"href":"http:\/\/www.campingverneda.com\/blog\/wp-json\/wp\/v2\/users\/1"}],"replies":[{"embeddable":true,"href":"http:\/\/www.campingverneda.com\/blog\/wp-json\/wp\/v2\/comments?post=4186"}],"version-history":[{"count":3,"href":"http:\/\/www.campingverneda.com\/blog\/wp-json\/wp\/v2\/posts\/4186\/revisions"}],"predecessor-version":[{"id":4191,"href":"http:\/\/www.campingverneda.com\/blog\/wp-json\/wp\/v2\/posts\/4186\/revisions\/4191"}],"wp:featuredmedia":[{"embeddable":true,"href":"http:\/\/www.campingverneda.com\/blog\/wp-json\/wp\/v2\/media\/4187"}],"wp:attachment":[{"href":"http:\/\/www.campingverneda.com\/blog\/wp-json\/wp\/v2\/media?parent=4186"}],"wp:term":[{"taxonomy":"category","embeddable":true,"href":"http:\/\/www.campingverneda.com\/blog\/wp-json\/wp\/v2\/categories?post=4186"},{"taxonomy":"post_tag","embeddable":true,"href":"http:\/\/www.campingverneda.com\/blog\/wp-json\/wp\/v2\/tags?post=4186"}],"curies":[{"name":"wp","href":"https:\/\/api.w.org\/{rel}","templated":true}]}}