{"id":4178,"date":"2022-08-03T09:38:34","date_gmt":"2022-08-03T09:38:34","guid":{"rendered":"http:\/\/www.campingverneda.com\/blog\/?p=4178"},"modified":"2022-09-14T14:00:52","modified_gmt":"2022-09-14T14:00:52","slug":"agosto-en-la-val-daran","status":"publish","type":"post","link":"http:\/\/www.campingverneda.com\/blog\/2022\/08\/03\/agosto-en-la-val-daran\/","title":{"rendered":"Agosto en la Val d\u2019Aran"},"content":{"rendered":"<div id=\"attachment_4180\" style=\"width: 366px\" class=\"wp-caption alignright\"><a href=\"http:\/\/www.campingverneda.com\/blog\/2022\/08\/03\/agosto-en-la-val-daran\/campingverneda-actividadesinfantiles-valdaran\/\" rel=\"attachment wp-att-4180\"><img aria-describedby=\"caption-attachment-4180\" decoding=\"async\" loading=\"lazy\" class=\" wp-image-4180\" src=\"http:\/\/www.campingverneda.com\/blog\/wp-content\/uploads\/2022\/08\/campingverneda-actividadesinfantiles-valdaran.jpg\" alt=\"actividades infantiles\" width=\"356\" height=\"475\" \/><\/a><p id=\"caption-attachment-4180\" class=\"wp-caption-text\">Cuidado de ponis en nuestra animaci\u00f3n infantil<\/p><\/div>\n<p>Ya estamos en la mitad del verano\u2026 <strong>\u00a1Qu\u00e9 r\u00e1pido pasa el tiempo cuando lo pasamos bien!<\/strong> Y lo estamos pasando MUY bien.<\/p>\n<p>Si es ahora cuando <strong>comienzas tus vacaciones en modo camping<\/strong>, te recordamos que este a\u00f1o hemos modificado las parcelas. Cada familia es diferente, y nos hemos adaptado a vuestras necesidades para que goc\u00e9is de vuestros d\u00edas libre de acampada. T\u00fa sabes lo que necesitas, y nosotros te damos las opciones. T\u00fa eliges.<\/p>\n<p>Tambi\u00e9n hemos creado muchas <strong>actividades aire libre<\/strong>, como las <a href=\"https:\/\/www.campingverneda.com\/animacion-2\" target=\"_blank\" rel=\"noopener\"><strong>excursiones guiadas<\/strong><\/a> en las que, adem\u00e1s de disfrutar de las buenas rutas, sirven como aprendizaje para el cuidado y respeto de la Naturaleza ya que, al final, <strong>es responsabilidad de todos y todas cuidar nuestros espacios naturales<\/strong>.<\/p>\n<p>Y es que en <a href=\"https:\/\/www.campingverneda.com\/\" target=\"_blank\" rel=\"noopener\">Verneda Camping Mountain Resort<\/a> tenemos <strong>buenos planes para toda la familia<\/strong>, tanto para mayores como para los y las peques, y todos los d\u00edas es un nuevo plan. En nuestros perfiles de Facebook e Instagram puedes mantenerte al d\u00eda de todas las actividades pero, sobre todo, lo que no puedes perderte son <strong>las noches de los jueves con los conciertos al aire libre<\/strong>, las Nets deth Verneda.<\/p>\n<p>Los y las peques de casa son los que m\u00e1s se divierten en Verneda Camping Mountain Resort y es que aqu\u00ed aprenden a cuidar a nuestros ponis, a tratarles con cari\u00f1o, a peinares, darles de comer\u2026 \u00a1Y crean un v\u00ednculo emocional con ellos que se llevar\u00e1n para siempre como el mejor de los recuerdos! Adem\u00e1s, todos los domingos se convierten en los y las protagonistas de nuestro<strong> Circoloco<\/strong>, una actividad con animadores en la que hacen nuevos amigos y amigas, juegan y se r\u00eden a carcajadas, tambi\u00e9n los mayores.<\/p>\n<p>Y si no est\u00e1s alojado en Verneda Camping Mountain Resort, si vienes a comer puedes disfrutar de nuestra piscina de cloraci\u00f3n salina y sofocar el calor bajo la sombra de nuestros \u00e1rboles. \u00bfPinta bien verdad? Pues ya s\u00f3lo te falta venir y disfrutar de todo lo que te contamos.<\/p>\n<p>\u00a1Buen verano!<\/p>\n","protected":false},"excerpt":{"rendered":"<p>Ya estamos en la mitad del verano\u2026 \u00a1Qu\u00e9 r\u00e1pido pasa el tiempo cuando lo pasamos bien! Y lo estamos pasando MUY bien. Si es ahora [&hellip;]<\/p>\n","protected":false},"author":1,"featured_media":4179,"comment_status":"open","ping_status":"open","sticky":false,"template":"","format":"standard","meta":[],"categories":[1276,69],"tags":[1356,12,1217,91,914,495,11,818],"_links":{"self":[{"href":"http:\/\/www.campingverneda.com\/blog\/wp-json\/wp\/v2\/posts\/4178"}],"collection":[{"href":"http:\/\/www.campingverneda.com\/blog\/wp-json\/wp\/v2\/posts"}],"about":[{"href":"http:\/\/www.campingverneda.com\/blog\/wp-json\/wp\/v2\/types\/post"}],"author":[{"embeddable":true,"href":"http:\/\/www.campingverneda.com\/blog\/wp-json\/wp\/v2\/users\/1"}],"replies":[{"embeddable":true,"href":"http:\/\/www.campingverneda.com\/blog\/wp-json\/wp\/v2\/comments?post=4178"}],"version-history":[{"count":4,"href":"http:\/\/www.campingverneda.com\/blog\/wp-json\/wp\/v2\/posts\/4178\/revisions"}],"predecessor-version":[{"id":4184,"href":"http:\/\/www.campingverneda.com\/blog\/wp-json\/wp\/v2\/posts\/4178\/revisions\/4184"}],"wp:featuredmedia":[{"embeddable":true,"href":"http:\/\/www.campingverneda.com\/blog\/wp-json\/wp\/v2\/media\/4179"}],"wp:attachment":[{"href":"http:\/\/www.campingverneda.com\/blog\/wp-json\/wp\/v2\/media?parent=4178"}],"wp:term":[{"taxonomy":"category","embeddable":true,"href":"http:\/\/www.campingverneda.com\/blog\/wp-json\/wp\/v2\/categories?post=4178"},{"taxonomy":"post_tag","embeddable":true,"href":"http:\/\/www.campingverneda.com\/blog\/wp-json\/wp\/v2\/tags?post=4178"}],"curies":[{"name":"wp","href":"https:\/\/api.w.org\/{rel}","templated":true}]}}