{"id":4167,"date":"2022-07-27T12:53:22","date_gmt":"2022-07-27T12:53:22","guid":{"rendered":"http:\/\/www.campingverneda.com\/blog\/?p=4167"},"modified":"2022-08-19T09:51:10","modified_gmt":"2022-08-19T09:51:10","slug":"aran-per-sa-lengua-un-dia-para-celebrar","status":"publish","type":"post","link":"http:\/\/www.campingverneda.com\/blog\/2022\/07\/27\/aran-per-sa-lengua-un-dia-para-celebrar\/","title":{"rendered":"Aran Per Sa lengua: un d\u00eda para celebrar"},"content":{"rendered":"<p>Coma plan sabetz, era Val d\u2019Aran ei un territ\u00f2ri unic e singular. Tant pera sua orografia, coma pes sues tradicions. Aguesta val de vals a f\u00f2r\u00e7a caracteristiques que la convertissen en un l\u00f2c unic, e ua d&#8217;eres ei era n\u00f2sta lengua: er aran\u00e9s.<\/p>\n<div id=\"attachment_4168\" style=\"width: 546px\" class=\"wp-caption alignright\"><a href=\"http:\/\/www.campingverneda.com\/blog\/2022\/07\/27\/aran-per-sa-lengua-un-dia-para-celebrar\/aranpersalengua-valdaranphotos\/\" rel=\"attachment wp-att-4168\"><img aria-describedby=\"caption-attachment-4168\" decoding=\"async\" loading=\"lazy\" class=\" wp-image-4168\" src=\"http:\/\/www.campingverneda.com\/blog\/wp-content\/uploads\/2022\/07\/aranpersalengua-valdaranphotos.png\" alt=\"Aran per sa lengua de la val d'Aran\" width=\"536\" height=\"706\" srcset=\"http:\/\/www.campingverneda.com\/blog\/wp-content\/uploads\/2022\/07\/aranpersalengua-valdaranphotos-200x263.png 200w, http:\/\/www.campingverneda.com\/blog\/wp-content\/uploads\/2022\/07\/aranpersalengua-valdaranphotos-228x300.png 228w, http:\/\/www.campingverneda.com\/blog\/wp-content\/uploads\/2022\/07\/aranpersalengua-valdaranphotos-400x527.png 400w, http:\/\/www.campingverneda.com\/blog\/wp-content\/uploads\/2022\/07\/aranpersalengua-valdaranphotos-600x790.png 600w, http:\/\/www.campingverneda.com\/blog\/wp-content\/uploads\/2022\/07\/aranpersalengua-valdaranphotos-768x1011.png 768w, http:\/\/www.campingverneda.com\/blog\/wp-content\/uploads\/2022\/07\/aranpersalengua-valdaranphotos-778x1024.png 778w, http:\/\/www.campingverneda.com\/blog\/wp-content\/uploads\/2022\/07\/aranpersalengua-valdaranphotos-800x1053.png 800w, http:\/\/www.campingverneda.com\/blog\/wp-content\/uploads\/2022\/07\/aranpersalengua-valdaranphotos.png 806w\" sizes=\"(max-width: 536px) 100vw, 536px\" \/><\/a><p id=\"caption-attachment-4168\" class=\"wp-caption-text\">Fuente: Val d&#8217;Aran Photos<\/p><\/div>\n<p>Er aran\u00e9s ei era n\u00f2sta lengua, que passe de generacion en generacion, m\u00e8s que, per desgr\u00e0cia, cada viatge se parle mens. Coma aranesi qu&#8217;\u00e8m, defenem era n\u00f2sta lengua e tanben la celebram. Era pr\u00f2va d&#8217;a\u00e7\u00f2, ei eth dia d \u2018Aran Per Sa lengua, que se cel\u00e8bre eth darr\u00e8r dimenge deth mes de junhs\u00e8ga, des der an 1993. Aguesta h\u00e8sta ja considerada tradicionau e d&#8217;assist\u00e9ncia obligat\u00f2ria ent\u00e0 quinsevolh aran\u00e9s, a coma objectiu, <strong>era reconeishen\u00e7a e era defensa deth aran\u00e9s coma lengua pr\u00f2pria dera Val d\u2019Aran<\/strong>.<\/p>\n<p><strong>Aran Per Sa Lengua<\/strong>, non ei sonque ua h\u00e8sta, tanben ei un eveniment esportiu, organizat peth collectiu <a href=\"https:\/\/www.instagram.com\/lenguaviua\/\" target=\"_blank\" rel=\"noopener\">Lengua Viua<\/a> e qu&#8217;a coma l\u00e8ma \u201cQui ten era lengua, ten era clau\u201d. Es diu\u00e8rsi participaires, gessen des de diferenti punts dera Val d\u2019Aran (Port de Vielha, Montgarri e Les entre d&#8217;auti) ent\u00e0 arribar ath torn des 20h dera tarde ath centre de Vielha. Es participaires arriben en cap-l\u00f2c dera Val d\u2019Aran en tot cargar damb es ter\u00e7ons que permeter\u00e0n diboishar eth mapa de Aran. Seguit d&#8217;aguest acte, es representants de Lengua Viua, liegen un manif\u00e8st qu&#8217;a objectiu potenciar e reivindicar era n\u00f2sta lengua e es n\u00f2stes tradicions. E demp\u00fas conc\u00e8rt en occitan!<\/p>\n<p>Vos deisham damb un des n\u00f2sti tr\u00f2ci m\u00e8s estimats dera can\u00e7on \u201cAdius ara val d\u2019Aran\u201d, que podem d\u00edder que s&#8217;a convertit en n\u00f2ste imne:<\/p>\n<p>\u201cNon se pot estancar eth temps,<br \/>\nM\u00e8s Aran\u00e9s, tostemp, tostemp,<br \/>\nNon se pot estancar eth temps,<br \/>\nM\u00e8s Aran\u00e9s, tostemp, tostemp.\u201d<\/p>\n<p>Atau que se lo que voletz ei <strong>v\u00eduer ua experi\u00e9ncia e con\u00e9isher en prigondor era n\u00f2sta lengua e cultura<\/strong>, vos recomanam eth pr\u00f2pl\u00e8u dimenge 31 de junhs\u00e8ga vengatz ent\u00e0s 20o ena pla\u00e7a dera gl\u00e8isa de Vielha. Vos i demoram!<\/p>\n<p>. . .<\/p>\n<p>Como bien sab\u00e9is, la Val d\u2019Aran es un territorio con unas peculiaridades \u00fanicas y singulares. Tanto por su orograf\u00eda, como sus tradiciones. Este valle de valles alberga un sinf\u00edn de caracter\u00edsticas que lo convierten en un lugar \u00fanico, y una de ellas es nuestra lengua: el aran\u00e9s.<\/p>\n<p>El aran\u00e9s es nuestra lengua, una lengua que va pasando de generaci\u00f3n en generaci\u00f3n, pero que, por desgracia, cada vez se habla menos. Como araneses que somos, defendemos nuestra lengua y tambi\u00e9n la festejamos. La prueba de ello, es el d\u00eda de Aran Per Sa lengua, que se celebra el \u00faltimo domingo del mes de julio, desde el a\u00f1o 1993. Esta fiesta ya considerada tradicional y de asistencia obligatoria para cualquier aran\u00e9s, tiene como objetivo, el <strong>reconocimiento y la defensa el aran\u00e9s como lengua propia de la Val d\u2019Aran<\/strong>.<\/p>\n<p><strong>Aran Per Sa Lengua<\/strong>, no solo es una fiesta, tambi\u00e9n es un evento deportivo, organizado por el colectivo <a href=\"https:\/\/www.instagram.com\/lenguaviua\/\" target=\"_blank\" rel=\"noopener\">Lengua Viua<\/a> y que tiene como lema \u201cQuien tiene la lengua, tiene la llave\u201d. Los diversos participantes, salen desde distintos puntos de la Val d\u2019Aran (Port de Vielha, Montgarri y Les entre otros) para llegar alrededor de las 20h de la tarde al centro de Vielha. Los participantes llegan a la capital de la Val d\u2019Aran cargando con los ter\u00e7ons (nombre de los distintos departamentos de la Val d\u2019Aran), que permitir\u00e1n dibujar el mapa de Aran. Acto seguido, los representantes de Lengua Viua, leen un manifiesto que tiene objetivo potenciar y reivindicar nuestra lengua y nuestras tradiciones. \u00a1Y despu\u00e9s concierto en occitano!<\/p>\n<p>Os dejamos con uno de nuestros trozos favoritos de la canci\u00f3n \u201cAdius a la val d\u2019Aran\u201d, que podemos decir que se ha convertido en nuestro himno:<\/p>\n<p>\u201cNon se pot estancar eth temps,<br \/>\nM\u00e8s Aran\u00e9s, tostemp, tostemp,<br \/>\nNon se pot estancar eth temps,<br \/>\nM\u00e8s Aran\u00e9s, tostemp, tostemp.\u201d<\/p>\n<p>As\u00ed que si lo que quer\u00e9is es <strong>vivir una experiencia y conocer en profundidad nuestra lengua y cultura<\/strong>, te recomendamos el pr\u00f3ximo domingo 31 de julio veng\u00e1is a partir de las 20h a la plaza de la iglesia de Vielha. \u00a1Os esperamos!<\/p>\n<p>. . .<\/p>\n<div id=\"attachment_4171\" style=\"width: 770px\" class=\"wp-caption alignleft\"><a href=\"http:\/\/www.campingverneda.com\/blog\/2022\/07\/27\/aran-per-sa-lengua-un-dia-para-celebrar\/aranpersalnegua-jornalet\/\" rel=\"attachment wp-att-4171\"><img aria-describedby=\"caption-attachment-4171\" decoding=\"async\" loading=\"lazy\" class=\" wp-image-4171\" src=\"http:\/\/www.campingverneda.com\/blog\/wp-content\/uploads\/2022\/07\/aranpersalnegua-jornalet.jpg\" alt=\"Aran per sa lengua\" width=\"760\" height=\"570\" srcset=\"http:\/\/www.campingverneda.com\/blog\/wp-content\/uploads\/2022\/07\/aranpersalnegua-jornalet-200x150.jpg 200w, http:\/\/www.campingverneda.com\/blog\/wp-content\/uploads\/2022\/07\/aranpersalnegua-jornalet-300x225.jpg 300w, http:\/\/www.campingverneda.com\/blog\/wp-content\/uploads\/2022\/07\/aranpersalnegua-jornalet-400x300.jpg 400w, http:\/\/www.campingverneda.com\/blog\/wp-content\/uploads\/2022\/07\/aranpersalnegua-jornalet-600x450.jpg 600w, http:\/\/www.campingverneda.com\/blog\/wp-content\/uploads\/2022\/07\/aranpersalnegua-jornalet-768x576.jpg 768w, http:\/\/www.campingverneda.com\/blog\/wp-content\/uploads\/2022\/07\/aranpersalnegua-jornalet-800x600.jpg 800w, http:\/\/www.campingverneda.com\/blog\/wp-content\/uploads\/2022\/07\/aranpersalnegua-jornalet.jpg 1000w\" sizes=\"(max-width: 760px) 100vw, 760px\" \/><\/a><p id=\"caption-attachment-4171\" class=\"wp-caption-text\">Fuente: Val d&#8217;Aran Photos<\/p><\/div>\n<p>Com b\u00e9 sabeu, la Vall d&#8217;Aran \u00e9s un territori amb unes peculiaritats \u00faniques i singulars. Tant per la seva orografia, com per les seves tradicions. Aquesta vall de valls alberga una infinitat de caracter\u00edstiques que la converteixen en un lloc \u00fanic, i una d&#8217;elles \u00e9s la nostra llengua: l&#8217;aran\u00e8s.<\/p>\n<p>L&#8217;aran\u00e8s \u00e9s la nostra llengua, una llengua que va passant de generaci\u00f3 en generaci\u00f3, per\u00f2 que, per desgr\u00e0cia, cada vegada es parla menys. Com a aranesos que som, defensem la nostra llengua i tamb\u00e9 la festegem. La prova d&#8217;aix\u00f2, \u00e9s el dia d&#8217;Aran Per Sa Lengua, que se celebra l&#8217;\u00faltim diumenge del mes de juliol, des de l&#8217;any 1993. Aquesta festa ja considerada tradicional i d&#8217;assist\u00e8ncia obligat\u00f2ria per a qualsevol aran\u00e8s, t\u00e9 com a objectiu, el <strong>reconeixement i la defensa l&#8217;aran\u00e8s com a llengua pr\u00f2pia de la Vall d&#8217;Aran<\/strong>.<\/p>\n<p><strong>Aran Per Sa Llengua<\/strong>, no sols \u00e9s una festa, tamb\u00e9 \u00e9s un esdeveniment esportiu, organitzat pel col\u00b7lectiu <a href=\"https:\/\/www.instagram.com\/lenguaviua\/\" target=\"_blank\" rel=\"noopener\">Lengua <span class=\"hiddenSpellError\">Viua<\/span><\/a> i que t\u00e9 com a lema &#8220;Qui t\u00e9 la llengua, t\u00e9 la clau&#8221;. Els diversos participants surten des de diferents punts de la Vall d&#8217;Aran (Port de Vielha, <span class=\"hiddenSpellError\">Montgarri<\/span> i Els entre altres) per a arribar al voltant de les <span class=\"hiddenGrammarError\">20h<\/span> de la tarda al centre de Vielha. Els participants arriben a la capital de la Vall d&#8217;Aran carregant amb els ter\u00e7ons (nom dels diferents departaments de la Vall d&#8217;Aran), que permetran dibuixar el mapa d&#8217;Aran. Tot seguit, els representants de Lengua <span class=\"hiddenSpellError\">Viua<\/span>, llegeixen un manifest que t\u00e9 objectiu potenciar i reivindicar la nostra llengua i les nostres tradicions. I despr\u00e9s concert en occit\u00e0!<\/p>\n<p>Us deixem amb un dels nostres trossos favorits de la can\u00e7\u00f3 &#8220;<span class=\"hiddenGrammarError\">Adius<\/span> a la <span class=\"hiddenGrammarError\">val d&#8217;Aran<\/span>&#8220;, que podem dir que s&#8217;ha convertit en el nostre himne:<\/p>\n<p>\u201cNon se pot estancar eth temps,<br \/>\nM\u00e8s Aran\u00e9s, tostemp, tostemp,<br \/>\nNon se pot estancar eth temps,<br \/>\nM\u00e8s Aran\u00e9s, tostemp, tostemp.\u201d<\/p>\n<p>&nbsp;<\/p>\n<p>Aix\u00ed que si el que voleu \u00e9s<strong> viure una experi\u00e8ncia i con\u00e8ixer en profunditat la nostra llengua i cultura<\/strong>, et recomanem diumenge que ve 31 de juliol vingueu a partir de les 2\u202fh a la pla\u00e7a de l&#8217;esgl\u00e9sia de Vielha. Us esperem!<\/p>\n","protected":false},"excerpt":{"rendered":"<p>Coma plan sabetz, era Val d\u2019Aran ei un territ\u00f2ri unic e singular. Tant pera sua orografia, coma pes sues tradicions. Aguesta val de vals a [&hellip;]<\/p>\n","protected":false},"author":1,"featured_media":4169,"comment_status":"open","ping_status":"open","sticky":false,"template":"","format":"standard","meta":[],"categories":[71],"tags":[1353,401,1354,47,51,546,696,854,105,483,1355,13,818,1352],"_links":{"self":[{"href":"http:\/\/www.campingverneda.com\/blog\/wp-json\/wp\/v2\/posts\/4167"}],"collection":[{"href":"http:\/\/www.campingverneda.com\/blog\/wp-json\/wp\/v2\/posts"}],"about":[{"href":"http:\/\/www.campingverneda.com\/blog\/wp-json\/wp\/v2\/types\/post"}],"author":[{"embeddable":true,"href":"http:\/\/www.campingverneda.com\/blog\/wp-json\/wp\/v2\/users\/1"}],"replies":[{"embeddable":true,"href":"http:\/\/www.campingverneda.com\/blog\/wp-json\/wp\/v2\/comments?post=4167"}],"version-history":[{"count":6,"href":"http:\/\/www.campingverneda.com\/blog\/wp-json\/wp\/v2\/posts\/4167\/revisions"}],"predecessor-version":[{"id":4176,"href":"http:\/\/www.campingverneda.com\/blog\/wp-json\/wp\/v2\/posts\/4167\/revisions\/4176"}],"wp:featuredmedia":[{"embeddable":true,"href":"http:\/\/www.campingverneda.com\/blog\/wp-json\/wp\/v2\/media\/4169"}],"wp:attachment":[{"href":"http:\/\/www.campingverneda.com\/blog\/wp-json\/wp\/v2\/media?parent=4167"}],"wp:term":[{"taxonomy":"category","embeddable":true,"href":"http:\/\/www.campingverneda.com\/blog\/wp-json\/wp\/v2\/categories?post=4167"},{"taxonomy":"post_tag","embeddable":true,"href":"http:\/\/www.campingverneda.com\/blog\/wp-json\/wp\/v2\/tags?post=4167"}],"curies":[{"name":"wp","href":"https:\/\/api.w.org\/{rel}","templated":true}]}}