{"id":4162,"date":"2022-07-25T12:03:16","date_gmt":"2022-07-25T12:03:16","guid":{"rendered":"http:\/\/www.campingverneda.com\/blog\/?p=4162"},"modified":"2022-09-14T14:00:21","modified_gmt":"2022-09-14T14:00:21","slug":"musica-en-directo-y-actividades-infantiles-a-lo-vidaverneda","status":"publish","type":"post","link":"http:\/\/www.campingverneda.com\/blog\/2022\/07\/25\/musica-en-directo-y-actividades-infantiles-a-lo-vidaverneda\/","title":{"rendered":"M\u00fasica en directo y actividades infantiles a lo #VIDAVerneda"},"content":{"rendered":"<p>Con la llegada del verano, adem\u00e1s del buen tiempo, las excursiones por la monta\u00f1a y las tardes de piscina, tambi\u00e9n <strong>vuelven Es Nets deth Verneda y las tardes en familia con los mejores espect\u00e1culos de payasos.<\/strong><\/p>\n<div id=\"attachment_4163\" style=\"width: 601px\" class=\"wp-caption alignright\"><a href=\"http:\/\/www.campingverneda.com\/blog\/2022\/07\/25\/musica-en-directo-y-actividades-infantiles-a-lo-vidaverneda\/circoloco-verneda-valdaran\/\" rel=\"attachment wp-att-4163\"><img aria-describedby=\"caption-attachment-4163\" decoding=\"async\" loading=\"lazy\" class=\" wp-image-4163\" src=\"http:\/\/www.campingverneda.com\/blog\/wp-content\/uploads\/2022\/07\/circoloco-verneda-valdaran.jpg\" alt=\"Acrividades familiares\" width=\"591\" height=\"788\" \/><\/a><p id=\"caption-attachment-4163\" class=\"wp-caption-text\">Betty y Perla en el Circoloco<\/p><\/div>\n<p>Durante todo el verano, hasta finales del mes de agosto, como siempre, todos los jueves a las 22h damos la bienvenida a varios m\u00fasicos provenientes desde varios puntos del territorio. Flamenco, rumba, m\u00fasicas del mundo, cantautores, swing\u2026 \u00a1este verano hay m\u00fasica para todos!<\/p>\n<p>La programaci\u00f3n prevista para las pr\u00f3ximas semanas es la siguiente:<\/p>\n<p>&#8211;<strong> 28 de julio. <\/strong>Vuelve la noche m\u00e1s divertida y con bailes y risas aseguradas de la mano del grupo Tributo a los delincuentes<\/p>\n<p>&#8211; <strong>4 de agosto.<\/strong> Nos visitar\u00e1 Jorge Da Rocha. Este m\u00fasico ofrece un espect\u00e1culo singular y seductor, protagonizado por la apasionante expresividad de su voz y el contrabajo. Pura elegancia y encanto.<\/p>\n<p>&#8211; <strong>11 de agosto<\/strong>. El d\u00eda para los que quieren rock&amp;roll a cargo de The Covers Makers, versiones de rock de hoy y siempre.<\/p>\n<p>&#8211; <strong>18 de agosto.<\/strong> El concierto ideal para los amantes del jazz y del swing de la mano del trio Swing for Jul que abarca toda a trayectoria de Django Reinhardt, m\u00fasico emblem\u00e1tico de la cultura gitana y del jazz manouche que acab\u00f3 convirti\u00e9ndose en uno de los iconos del jazz europeo.<\/p>\n<p>&#8211; <strong>25 de agosto<\/strong> . Sergi Estella, es un m\u00fasico polifac\u00e9tico presenta su propuesta en solitario \u201cOne Man Band\u201d y nos sorprender\u00e1 con un espect\u00e1culo singular gracias a su instrumento \u201cSteinburg\u201d: una cuerda un trozo de madera y una taza.<\/p>\n<p>Y como siempre, partir de este domingo <strong>\u00a1vuelve el Circoloco!<\/strong> A partir de las 18h diferentes artistas, payasos y malabaristas son sorprender\u00e1n con sus espect\u00e1culos pensados para toda la familia.<\/p>\n<p>&#8211; <strong>24 de julio. <\/strong>Regresa el espect\u00e1culo El Gran Concurso. M\u00fasica, bailes, humor y magia para toda a familia<\/p>\n<p>&#8211;<strong> 31 de julio.<\/strong> Politr\u00f2pic, un espect\u00e1culo de magia muy singular que une la m\u00fasica de los 80 con magia de ayer y de hoy.<\/p>\n<p>&#8211;<strong> 7 de agosto.<\/strong> Surrealismo y espect\u00e1culo de clown con In Somni.<\/p>\n<p>&#8211;<strong> 14 de agosto. <\/strong>Peonzas, malabares y un mund m\u00e1gico y delirante de la mano del Se\u00f1or de las Peonzas.<\/p>\n<p>&#8211; <strong>21 de agosto.<\/strong> Vuelven los Panettone Brothers con su espect\u00e1culo de malabares y el mejor ambiente para cerrar nuestra tardes de domingo en familia.<\/p>\n<p>\u00a1Apunta las fechas en tu agenda y vente a vivir el verano en familia a lo #VIDAVerneda!<\/p>\n","protected":false},"excerpt":{"rendered":"<p>Con la llegada del verano, adem\u00e1s del buen tiempo, las excursiones por la monta\u00f1a y las tardes de piscina, tambi\u00e9n vuelven Es Nets deth Verneda [&hellip;]<\/p>\n","protected":false},"author":1,"featured_media":4165,"comment_status":"open","ping_status":"open","sticky":false,"template":"","format":"standard","meta":[],"categories":[69],"tags":[1348,1349,17,906,47,51,428,1347,384,1351,1350,13,818],"_links":{"self":[{"href":"http:\/\/www.campingverneda.com\/blog\/wp-json\/wp\/v2\/posts\/4162"}],"collection":[{"href":"http:\/\/www.campingverneda.com\/blog\/wp-json\/wp\/v2\/posts"}],"about":[{"href":"http:\/\/www.campingverneda.com\/blog\/wp-json\/wp\/v2\/types\/post"}],"author":[{"embeddable":true,"href":"http:\/\/www.campingverneda.com\/blog\/wp-json\/wp\/v2\/users\/1"}],"replies":[{"embeddable":true,"href":"http:\/\/www.campingverneda.com\/blog\/wp-json\/wp\/v2\/comments?post=4162"}],"version-history":[{"count":2,"href":"http:\/\/www.campingverneda.com\/blog\/wp-json\/wp\/v2\/posts\/4162\/revisions"}],"predecessor-version":[{"id":4166,"href":"http:\/\/www.campingverneda.com\/blog\/wp-json\/wp\/v2\/posts\/4162\/revisions\/4166"}],"wp:featuredmedia":[{"embeddable":true,"href":"http:\/\/www.campingverneda.com\/blog\/wp-json\/wp\/v2\/media\/4165"}],"wp:attachment":[{"href":"http:\/\/www.campingverneda.com\/blog\/wp-json\/wp\/v2\/media?parent=4162"}],"wp:term":[{"taxonomy":"category","embeddable":true,"href":"http:\/\/www.campingverneda.com\/blog\/wp-json\/wp\/v2\/categories?post=4162"},{"taxonomy":"post_tag","embeddable":true,"href":"http:\/\/www.campingverneda.com\/blog\/wp-json\/wp\/v2\/tags?post=4162"}],"curies":[{"name":"wp","href":"https:\/\/api.w.org\/{rel}","templated":true}]}}