{"id":4152,"date":"2022-07-06T12:53:52","date_gmt":"2022-07-06T12:53:52","guid":{"rendered":"http:\/\/www.campingverneda.com\/blog\/?p=4152"},"modified":"2022-09-14T14:01:25","modified_gmt":"2022-09-14T14:01:25","slug":"planes-para-un-verano-top-en-la-val-daran","status":"publish","type":"post","link":"http:\/\/www.campingverneda.com\/blog\/2022\/07\/06\/planes-para-un-verano-top-en-la-val-daran\/","title":{"rendered":"Planes para un verano TOP en la Val d\u2019Aran"},"content":{"rendered":"<p>\u00bfVienes a la Val d\u2019Aran y buscas buenos planes? En verano los buenos planes en este valle de los Pirineos est\u00e1n asegurados para todos y todas. Tanto si vienes en familia como si vienes con amigos y amigas, aqu\u00ed os dejamos algunos de los buenos planes que pod\u00e9is disfrutar durante vuestras vacaciones en este valle de valles.<\/p>\n<p><strong>Dejarse maravillar por las vistas de Aran desde sus miradores.<\/strong><\/p>\n<div id=\"attachment_4153\" style=\"width: 725px\" class=\"wp-caption alignright\"><a href=\"http:\/\/www.campingverneda.com\/blog\/2022\/07\/06\/planes-para-un-verano-top-en-la-val-daran\/valdaran_campingverneda\/\" rel=\"attachment wp-att-4153\"><img aria-describedby=\"caption-attachment-4153\" decoding=\"async\" loading=\"lazy\" class=\" wp-image-4153\" src=\"http:\/\/www.campingverneda.com\/blog\/wp-content\/uploads\/2022\/07\/valdaran_campingverneda.png\" alt=\"Buenos planes en la Val d'Aran\" width=\"715\" height=\"765\" srcset=\"http:\/\/www.campingverneda.com\/blog\/wp-content\/uploads\/2022\/07\/valdaran_campingverneda-200x214.png 200w, http:\/\/www.campingverneda.com\/blog\/wp-content\/uploads\/2022\/07\/valdaran_campingverneda-280x300.png 280w, http:\/\/www.campingverneda.com\/blog\/wp-content\/uploads\/2022\/07\/valdaran_campingverneda-400x428.png 400w, http:\/\/www.campingverneda.com\/blog\/wp-content\/uploads\/2022\/07\/valdaran_campingverneda-600x642.png 600w, http:\/\/www.campingverneda.com\/blog\/wp-content\/uploads\/2022\/07\/valdaran_campingverneda-768x822.png 768w, http:\/\/www.campingverneda.com\/blog\/wp-content\/uploads\/2022\/07\/valdaran_campingverneda-800x856.png 800w, http:\/\/www.campingverneda.com\/blog\/wp-content\/uploads\/2022\/07\/valdaran_campingverneda.png 816w\" sizes=\"(max-width: 715px) 100vw, 715px\" \/><\/a><p id=\"caption-attachment-4153\" class=\"wp-caption-text\">Estanh de Vilac<\/p><\/div>\n<p>La Val d\u2019Aran cuenta con varios miradores repartidos por todo el territorio que son el mejor escenario para contemplar la majestuosidad de nuestras monta\u00f1as. Algunos de los miradores que os recomendamos son: En el Naut Aran <strong>el mirador de la carrera a Beret y el mirador de Sant Jaume de Gar\u00f2s<\/strong>. Para llegar a este \u00faltimo hay que seguir el Camin Reiau desde Gar\u00f2s hasta Arties, y llegar a una bonita ermita donde podr\u00e9is contemplar las vistas a esta parte del valle y al r\u00edo Garona.<\/p>\n<p>En la parte del Baish Aran os recomendamos el mirador y tambi\u00e9n \u00e1rea de picnic junto a la ermita de Sant Miqu\u00e8u, el mirador de Arres, y el mirador de la carretera del Portilhon.<\/p>\n<p><strong>La Val dAran a golpe de pedal<\/strong><\/p>\n<p>Descubrir <strong>la naturaleza en bicicleta<\/strong> es una de las experiencias m\u00e1s intensas que podemos disfrutar en la Val d\u2019Aran. Rutas se\u00f1alizadas tanto en BTT, carretera, paseos tranquilos junto al r\u00edo y para los m\u00e1s atrevidos tambi\u00e9n contamos con bajadas t\u00e9cnicas o el bike park. Si quieres conocer toda la oferta de rutas en bicicleta puedes visitar el micro site Aran Total Bike.<\/p>\n<p><strong>Ruta de los 7 lago de Colomers.<\/strong><\/p>\n<p>El circo lacustre de Colom\u00e8rs es un macizo de monta\u00f1as dispuestas en c\u00edrculo que ampara en su regazo una cincuentena de lagos. La erosi\u00f3n del hielo de las \u00e9poca glaciares ha dejado con el paso de los a\u00f1os un paisaje incomparable. La salida perfecta para pasar un d\u00eda en la monta\u00f1a. Toda la<a href=\"https:\/\/www.visitvaldaran.com\/wp-content\/uploads\/2022\/05\/Huelheton-Aiguamoig-2021-1.pdf\" target=\"_blank\" rel=\"noopener\"> informaci\u00f3n sobre la ruta aqu\u00ed<\/a>.<\/p>\n<p><strong>Conocer los pueblos que forman parte d este valle de valles.<\/strong><\/p>\n<p>Un paseo por los pueblos la Val d\u2019Aran es la mejor forma de adentrarse y conocer la cultura y el patrimonio aran\u00e9s. Bagergue, Arties o Vilac son algunos de los pueblos m\u00e1s bonitos y tambi\u00e9n de los m\u00e1s conocidos para pasear y ver sus calles repletas de flores (Vilac y Bagergue forman parte de las Vilas Floridas). Y tambi\u00e9n os recomendamos paseos por algunos pueblos m\u00e1s desconocidos como son Canejan y los pueblos del Baish Aran, Vilam\u00f2s, Ben\u00f3s, Beg\u00f3s o Arr\u00f3.<\/p>\n<p>Si quieres m\u00e1s informaci\u00f3n de estos planes, puedes consultarnos directamente en recepci\u00f3n y os asesoramos en todo lo que necesit\u00e9is. \u00a1Buen viaje!<\/p>\n","protected":false},"excerpt":{"rendered":"<p>\u00bfVienes a la Val d\u2019Aran y buscas buenos planes? En verano los buenos planes en este valle de los Pirineos est\u00e1n asegurados para todos y [&hellip;]<\/p>\n","protected":false},"author":1,"featured_media":4155,"comment_status":"open","ping_status":"open","sticky":false,"template":"","format":"standard","meta":[],"categories":[71],"tags":[658,1344,47,1130,546,11,1343,1345,1346,63],"_links":{"self":[{"href":"http:\/\/www.campingverneda.com\/blog\/wp-json\/wp\/v2\/posts\/4152"}],"collection":[{"href":"http:\/\/www.campingverneda.com\/blog\/wp-json\/wp\/v2\/posts"}],"about":[{"href":"http:\/\/www.campingverneda.com\/blog\/wp-json\/wp\/v2\/types\/post"}],"author":[{"embeddable":true,"href":"http:\/\/www.campingverneda.com\/blog\/wp-json\/wp\/v2\/users\/1"}],"replies":[{"embeddable":true,"href":"http:\/\/www.campingverneda.com\/blog\/wp-json\/wp\/v2\/comments?post=4152"}],"version-history":[{"count":6,"href":"http:\/\/www.campingverneda.com\/blog\/wp-json\/wp\/v2\/posts\/4152\/revisions"}],"predecessor-version":[{"id":4160,"href":"http:\/\/www.campingverneda.com\/blog\/wp-json\/wp\/v2\/posts\/4152\/revisions\/4160"}],"wp:featuredmedia":[{"embeddable":true,"href":"http:\/\/www.campingverneda.com\/blog\/wp-json\/wp\/v2\/media\/4155"}],"wp:attachment":[{"href":"http:\/\/www.campingverneda.com\/blog\/wp-json\/wp\/v2\/media?parent=4152"}],"wp:term":[{"taxonomy":"category","embeddable":true,"href":"http:\/\/www.campingverneda.com\/blog\/wp-json\/wp\/v2\/categories?post=4152"},{"taxonomy":"post_tag","embeddable":true,"href":"http:\/\/www.campingverneda.com\/blog\/wp-json\/wp\/v2\/tags?post=4152"}],"curies":[{"name":"wp","href":"https:\/\/api.w.org\/{rel}","templated":true}]}}