{"id":4143,"date":"2022-06-27T10:35:51","date_gmt":"2022-06-27T10:35:51","guid":{"rendered":"http:\/\/www.campingverneda.com\/blog\/?p=4143"},"modified":"2022-09-14T14:03:34","modified_gmt":"2022-09-14T14:03:34","slug":"pasado-minero-en-la-val-daran","status":"publish","type":"post","link":"http:\/\/www.campingverneda.com\/blog\/2022\/06\/27\/pasado-minero-en-la-val-daran\/","title":{"rendered":"Pasado minero en la Val d\u2019Aran"},"content":{"rendered":"<div id=\"attachment_4144\" style=\"width: 492px\" class=\"wp-caption alignright\"><a href=\"http:\/\/www.campingverneda.com\/blog\/2022\/06\/27\/pasado-minero-en-la-val-daran\/campingverneda-minavictoria\/\" rel=\"attachment wp-att-4144\"><img aria-describedby=\"caption-attachment-4144\" decoding=\"async\" loading=\"lazy\" class=\" wp-image-4144\" src=\"http:\/\/www.campingverneda.com\/blog\/wp-content\/uploads\/2022\/06\/campingverneda-minavictoria.png\" alt=\"Pasado minero en la Val d'Aran\" width=\"482\" height=\"607\" srcset=\"http:\/\/www.campingverneda.com\/blog\/wp-content\/uploads\/2022\/06\/campingverneda-minavictoria-200x252.png 200w, http:\/\/www.campingverneda.com\/blog\/wp-content\/uploads\/2022\/06\/campingverneda-minavictoria-238x300.png 238w, http:\/\/www.campingverneda.com\/blog\/wp-content\/uploads\/2022\/06\/campingverneda-minavictoria-400x504.png 400w, http:\/\/www.campingverneda.com\/blog\/wp-content\/uploads\/2022\/06\/campingverneda-minavictoria-600x756.png 600w, http:\/\/www.campingverneda.com\/blog\/wp-content\/uploads\/2022\/06\/campingverneda-minavictoria-768x968.png 768w, http:\/\/www.campingverneda.com\/blog\/wp-content\/uploads\/2022\/06\/campingverneda-minavictoria-800x1008.png 800w, http:\/\/www.campingverneda.com\/blog\/wp-content\/uploads\/2022\/06\/campingverneda-minavictoria-813x1024.png 813w, http:\/\/www.campingverneda.com\/blog\/wp-content\/uploads\/2022\/06\/campingverneda-minavictoria.png 1024w\" sizes=\"(max-width: 482px) 100vw, 482px\" \/><\/a><p id=\"caption-attachment-4144\" class=\"wp-caption-text\">Una de las instalaciones de la Mina Victoria<\/p><\/div>\n<p>La historia de la Val d\u2019Aran alberga un<strong> pasado minero<\/strong> importante debido a la extracci\u00f3n de minerales. Concretamente, fue a comienzos del siglo XX cuando se inici\u00f3 la<strong> explotaci\u00f3n <\/strong><strong>del mineral zinc en las zona de Arres y de Boss\u00f2st<\/strong>.<\/p>\n<p>En el 1912, la Mina Vict\u00f2ria, ubicada en la zona de Arres, ya se encontraba\u00a0en plena explotaci\u00f3n. Y por aquellos a\u00f1os se extra\u00edan alrededor de ochenta toneladas de mineral bruto por d\u00eda con una media 100 y 150 personas trabando en ella. Debido a la Guerra Civil, todos los trabajos que se realizaban en las minas quedaron suspendidos hasta el a\u00f1o 1949, cuando se reinici\u00f3 la explotaci\u00f3n, hasta 1953, cuando la bajada del precio del zinc y la falta de mano de obra provocaron su cierre definitivo.<\/p>\n<p>En 2004 la <strong>Mina Vict\u00f2ria se abri\u00f3 al p\u00fablico tras\u00a0recuperarse y restaurar parte de sus infraestructuras para que se pudieran visitar.<\/strong> El itinerario de esta mina nos descubre el funcionamiento de una mina de alta monta\u00f1a, as\u00ed como la vida de los mineros que viv\u00edan en ella. Esta visita, est\u00e1 planteada como una ruta de senderismo, donde el paisaje es un complemento m\u00e1s de la visita a la explotaci\u00f3n minera.<br \/>\nEsta ruta se inicia en la Bassa de Arres y antes de llegar hasta la mina se recorre un bosque repleto de pino hierro y abetos. Una vez aqu\u00ed, se recorren las diferentes instalaciones de la mina como los restos de galer\u00edas, la sala de m\u00e1quinas, e incluso podemos ver la casa de los obreros y los restos de las carretillas. Se trata de una ruta de dificultad media con una distancia de aproximadamente unos 3 km de distancia. El recorrido de la mina es de unas 2 horas aproximadamente dentro del horario de 11h a 14,30h durante los meses de verano y es necesario<strong> realizar reserva previa <\/strong>llamando al 973 641815 o escribiendo un email a info.museu@aran.org.<\/p>\n<p>Para hacer la visita os recomendamos llevar un buen calzado de monta\u00f1a, agua y ropa de abrigo, ya que las temperaturas dentro de la mina oscilan entre los 9 y los 10 grados.<\/p>\n","protected":false},"excerpt":{"rendered":"<p>La historia de la Val d\u2019Aran alberga un pasado minero importante debido a la extracci\u00f3n de minerales. Concretamente, fue a comienzos del siglo XX cuando [&hellip;]<\/p>\n","protected":false},"author":1,"featured_media":4145,"comment_status":"open","ping_status":"open","sticky":false,"template":"","format":"standard","meta":[],"categories":[71],"tags":[890,50,1339,47,93,12,765,467,1070,767,51,713,11,1340,499,1341,1342,487,818],"_links":{"self":[{"href":"http:\/\/www.campingverneda.com\/blog\/wp-json\/wp\/v2\/posts\/4143"}],"collection":[{"href":"http:\/\/www.campingverneda.com\/blog\/wp-json\/wp\/v2\/posts"}],"about":[{"href":"http:\/\/www.campingverneda.com\/blog\/wp-json\/wp\/v2\/types\/post"}],"author":[{"embeddable":true,"href":"http:\/\/www.campingverneda.com\/blog\/wp-json\/wp\/v2\/users\/1"}],"replies":[{"embeddable":true,"href":"http:\/\/www.campingverneda.com\/blog\/wp-json\/wp\/v2\/comments?post=4143"}],"version-history":[{"count":5,"href":"http:\/\/www.campingverneda.com\/blog\/wp-json\/wp\/v2\/posts\/4143\/revisions"}],"predecessor-version":[{"id":4150,"href":"http:\/\/www.campingverneda.com\/blog\/wp-json\/wp\/v2\/posts\/4143\/revisions\/4150"}],"wp:featuredmedia":[{"embeddable":true,"href":"http:\/\/www.campingverneda.com\/blog\/wp-json\/wp\/v2\/media\/4145"}],"wp:attachment":[{"href":"http:\/\/www.campingverneda.com\/blog\/wp-json\/wp\/v2\/media?parent=4143"}],"wp:term":[{"taxonomy":"category","embeddable":true,"href":"http:\/\/www.campingverneda.com\/blog\/wp-json\/wp\/v2\/categories?post=4143"},{"taxonomy":"post_tag","embeddable":true,"href":"http:\/\/www.campingverneda.com\/blog\/wp-json\/wp\/v2\/tags?post=4143"}],"curies":[{"name":"wp","href":"https:\/\/api.w.org\/{rel}","templated":true}]}}