{"id":4135,"date":"2022-06-24T14:06:03","date_gmt":"2022-06-24T14:06:03","guid":{"rendered":"http:\/\/www.campingverneda.com\/blog\/?p=4135"},"modified":"2022-09-14T14:02:41","modified_gmt":"2022-09-14T14:02:41","slug":"camping-una-forma-de-vida","status":"publish","type":"post","link":"http:\/\/www.campingverneda.com\/blog\/2022\/06\/24\/camping-una-forma-de-vida\/","title":{"rendered":"Camping: una forma de vida"},"content":{"rendered":"<div id=\"attachment_4136\" style=\"width: 686px\" class=\"wp-caption alignright\"><a href=\"http:\/\/www.campingverneda.com\/blog\/2022\/06\/24\/camping-una-forma-de-vida\/camping-verneda_plus\/\" rel=\"attachment wp-att-4136\"><img aria-describedby=\"caption-attachment-4136\" decoding=\"async\" loading=\"lazy\" class=\" wp-image-4136\" src=\"http:\/\/www.campingverneda.com\/blog\/wp-content\/uploads\/2022\/06\/camping-verneda_PLUS.jpg\" alt=\"camping verneda\" width=\"676\" height=\"507\" srcset=\"http:\/\/www.campingverneda.com\/blog\/wp-content\/uploads\/2022\/06\/camping-verneda_PLUS-200x150.jpg 200w, http:\/\/www.campingverneda.com\/blog\/wp-content\/uploads\/2022\/06\/camping-verneda_PLUS-300x225.jpg 300w, http:\/\/www.campingverneda.com\/blog\/wp-content\/uploads\/2022\/06\/camping-verneda_PLUS-400x300.jpg 400w, http:\/\/www.campingverneda.com\/blog\/wp-content\/uploads\/2022\/06\/camping-verneda_PLUS-600x450.jpg 600w, http:\/\/www.campingverneda.com\/blog\/wp-content\/uploads\/2022\/06\/camping-verneda_PLUS-768x576.jpg 768w, http:\/\/www.campingverneda.com\/blog\/wp-content\/uploads\/2022\/06\/camping-verneda_PLUS-800x600.jpg 800w, http:\/\/www.campingverneda.com\/blog\/wp-content\/uploads\/2022\/06\/camping-verneda_PLUS-1024x768.jpg 1024w, http:\/\/www.campingverneda.com\/blog\/wp-content\/uploads\/2022\/06\/camping-verneda_PLUS-1200x900.jpg 1200w, http:\/\/www.campingverneda.com\/blog\/wp-content\/uploads\/2022\/06\/camping-verneda_PLUS.jpg 4032w\" sizes=\"(max-width: 676px) 100vw, 676px\" \/><\/a><p id=\"caption-attachment-4136\" class=\"wp-caption-text\">Parcela PLUS<\/p><\/div>\n<p>La vida de camping te permite vivir nuevas aventuras, conectarte con los tuyos y con el ecosistema natural que nos rodea, y re\u00edrte a carcajadas de todo aquello que no te salga bien a la primera. Y es que, la vida de camping es la vida mejor.<\/p>\n<p>Ir de vacaciones de camping siempre aporta muchos beneficios y es una de las mejores formas de conectar de nuevo con el mundo y con la naturaleza, adem\u00e1s de disfrutar de los peque\u00f1os placeres de la vida, como tumbarse en la hierba para echarse una buena siesta, y recuperar los buenos h\u00e1bitos del sue\u00f1o.<br \/>\nAdem\u00e1s, la vida de camping te ayuda a crear comunidad con tus vecinos ef\u00edmeros, a hacer nuevos amigos, especialmente los m\u00e1s peque\u00f1os son quienes m\u00e1s disfrutan de este aspecto. Campan a sus anchas, corren, van en bicicleta, saltan en la piscina. \u00a1Pura vida para ellos y ellas!<br \/>\nA continuaci\u00f3n os dejamos varios motivos para venir a nuestra<strong> zona de acampada<\/strong>:<\/p>\n<ul>\n<li><strong>Parcelas llanas y de c\u00e9sped natural<\/strong>. Nos esforzamos a\u00f1o tras a\u00f1o para que nuestros terreno est\u00e9 en las mejores condiciones para tu caravana o tienda de campa\u00f1a.<\/li>\n<li><strong>Mucha sombra en todo el recinto<\/strong>. Los y las que ven\u00eds de vacaciones a la monta\u00f1a busc\u00e1is huir del calor, por eso la sombra es indispensable para vosotros y vosotras. Nuestro \u00e1rboles est\u00e1n perfectamente cuidados para que teng\u00e1is sombra, pero tambi\u00e9n para que pod\u00e1is disfrutar de esos rayos de sol matutinos que tanto nos gustan a todos<\/li>\n<li>Desde este a\u00f1o tenemos tres tipos de parcelas: <strong><a href=\"https:\/\/www.campingverneda.com\/parcela-standard\" target=\"_blank\" rel=\"noopener\">standard<\/a>, <a href=\"https:\/\/www.campingverneda.com\/parcela-plus\" target=\"_blank\" rel=\"noopener\">plus<\/a> y <a href=\"https:\/\/www.campingverneda.com\/parcela-confort\">confort<\/a>.<\/strong> Cada una con un tama\u00f1o distinto, porque no todos tenemos siempre las mismas necesidades ni preferencias.<\/li>\n<li><strong>Nuestros servicios optimizados<\/strong>. Nuestras instalaciones se encuentran perfectamente acondicionadas para una estancia c\u00f3moda y agradable al m\u00e1s puro estilo #VIDAVerneda. Duchas de agua caliente las 24h, concesi\u00f3n el\u00e9ctrica en todo el recinto, zona de barbacoas en perfecta condiciones\u2026 \u00a1Y mucho m\u00e1s! Descubre todos los servicios en nuestra web.<\/li>\n<\/ul>\n<p>La pregunta es: \u00bfQu\u00e9 podemos hacer por ti? La respuesta es: Todo lo que est\u00e9 en nuestras manos para hacer de tu estancia las mejores VACACIONES.<\/p>\n","protected":false},"excerpt":{"rendered":"<p>La vida de camping te permite vivir nuevas aventuras, conectarte con los tuyos y con el ecosistema natural que nos rodea, y re\u00edrte a carcajadas [&hellip;]<\/p>\n","protected":false},"author":1,"featured_media":4137,"comment_status":"open","ping_status":"open","sticky":false,"template":"","format":"standard","meta":[],"categories":[1],"tags":[1336,1337,1217,1338,1334,495,11,696,1333,1335,818],"_links":{"self":[{"href":"http:\/\/www.campingverneda.com\/blog\/wp-json\/wp\/v2\/posts\/4135"}],"collection":[{"href":"http:\/\/www.campingverneda.com\/blog\/wp-json\/wp\/v2\/posts"}],"about":[{"href":"http:\/\/www.campingverneda.com\/blog\/wp-json\/wp\/v2\/types\/post"}],"author":[{"embeddable":true,"href":"http:\/\/www.campingverneda.com\/blog\/wp-json\/wp\/v2\/users\/1"}],"replies":[{"embeddable":true,"href":"http:\/\/www.campingverneda.com\/blog\/wp-json\/wp\/v2\/comments?post=4135"}],"version-history":[{"count":2,"href":"http:\/\/www.campingverneda.com\/blog\/wp-json\/wp\/v2\/posts\/4135\/revisions"}],"predecessor-version":[{"id":4139,"href":"http:\/\/www.campingverneda.com\/blog\/wp-json\/wp\/v2\/posts\/4135\/revisions\/4139"}],"wp:featuredmedia":[{"embeddable":true,"href":"http:\/\/www.campingverneda.com\/blog\/wp-json\/wp\/v2\/media\/4137"}],"wp:attachment":[{"href":"http:\/\/www.campingverneda.com\/blog\/wp-json\/wp\/v2\/media?parent=4135"}],"wp:term":[{"taxonomy":"category","embeddable":true,"href":"http:\/\/www.campingverneda.com\/blog\/wp-json\/wp\/v2\/categories?post=4135"},{"taxonomy":"post_tag","embeddable":true,"href":"http:\/\/www.campingverneda.com\/blog\/wp-json\/wp\/v2\/tags?post=4135"}],"curies":[{"name":"wp","href":"https:\/\/api.w.org\/{rel}","templated":true}]}}