{"id":4120,"date":"2022-06-23T15:23:55","date_gmt":"2022-06-23T15:23:55","guid":{"rendered":"http:\/\/www.campingverneda.com\/blog\/?p=4120"},"modified":"2022-07-27T12:54:47","modified_gmt":"2022-07-27T12:54:47","slug":"bar-resturante-y-piscina-abiertos","status":"publish","type":"post","link":"http:\/\/www.campingverneda.com\/blog\/2022\/06\/23\/bar-resturante-y-piscina-abiertos\/","title":{"rendered":"\u00a1El verano a lo #VIDAVerneda ya est\u00e1 aqu\u00ed!"},"content":{"rendered":"<p>Tal como dice la canci\u00f3n \u201c el verano ya lleg\u00f3, ya lleg\u00f3\u2026\u201d Y desde Verneda Camping Mountain Resort no podemos estar m\u00e1s contentos de anunciarlo en voz alta: \u00a1modo verano activado!<\/p>\n<p>Como todos los veranos, este a\u00f1o tenemos un mont\u00f3n de buenos planes para todo el mundo: para las familias, para los grupos de amigos, para los furgoneteros\u2026 Y siempre con la misma premisa: hacer que vuestras vacaciones sean un recuerdo para siempre.<\/p>\n<p>Los que nos visit\u00e1is desde hace a\u00f1os ya sab\u00e9is a lo que nos referimos, pero para aquellos y aquellas que nos ven\u00eds ver por primera vez os detallamos un listado de buenas razones para pasar vuestras vacaciones de verano con nosotros:<\/p>\n<div id=\"attachment_4122\" style=\"width: 734px\" class=\"wp-caption alignright\"><a href=\"http:\/\/www.campingverneda.com\/blog\/2022\/06\/23\/bar-resturante-y-piscina-abiertos\/verneda-camping-pisicna-valdaran_1\/\" rel=\"attachment wp-att-4122\"><img aria-describedby=\"caption-attachment-4122\" decoding=\"async\" loading=\"lazy\" class=\" wp-image-4122\" src=\"http:\/\/www.campingverneda.com\/blog\/wp-content\/uploads\/2022\/06\/verneda-camping-pisicna-valdaran_1.jpg\" alt=\"Verneda Camping Mountain Resort\" width=\"724\" height=\"483\" srcset=\"http:\/\/www.campingverneda.com\/blog\/wp-content\/uploads\/2022\/06\/verneda-camping-pisicna-valdaran_1-200x134.jpg 200w, http:\/\/www.campingverneda.com\/blog\/wp-content\/uploads\/2022\/06\/verneda-camping-pisicna-valdaran_1-300x200.jpg 300w, http:\/\/www.campingverneda.com\/blog\/wp-content\/uploads\/2022\/06\/verneda-camping-pisicna-valdaran_1-400x267.jpg 400w, http:\/\/www.campingverneda.com\/blog\/wp-content\/uploads\/2022\/06\/verneda-camping-pisicna-valdaran_1-600x401.jpg 600w, http:\/\/www.campingverneda.com\/blog\/wp-content\/uploads\/2022\/06\/verneda-camping-pisicna-valdaran_1-768x513.jpg 768w, http:\/\/www.campingverneda.com\/blog\/wp-content\/uploads\/2022\/06\/verneda-camping-pisicna-valdaran_1-800x534.jpg 800w, http:\/\/www.campingverneda.com\/blog\/wp-content\/uploads\/2022\/06\/verneda-camping-pisicna-valdaran_1-1024x684.jpg 1024w, http:\/\/www.campingverneda.com\/blog\/wp-content\/uploads\/2022\/06\/verneda-camping-pisicna-valdaran_1-1200x801.jpg 1200w, http:\/\/www.campingverneda.com\/blog\/wp-content\/uploads\/2022\/06\/verneda-camping-pisicna-valdaran_1.jpg 4000w\" sizes=\"(max-width: 724px) 100vw, 724px\" \/><\/a><p id=\"caption-attachment-4122\" class=\"wp-caption-text\">Piscina climatizada y de cloraci\u00f3n salina<\/p><\/div>\n<ul>\n<li><strong>Animaci\u00f3n infantil.<\/strong> Durante toda la semana, a partir de principios del mes de julio, ofrecemos una amplia programaci\u00f3n de actividades infantiles y tambi\u00e9n familiares para todos los gustos y colores. Juegos acu\u00e1ticos, construcci\u00f3n de caba\u00f1as, excursiones son algunas de las actividades favoritas por los m\u00e1s peque\u00f1os. Para ver toda la programaci\u00f3n puedes hacer hacer <a href=\"https:\/\/www.campingverneda.com\/uploads\/media\/pdf\/programa%20actividades%202022.png\" target=\"_blank\" rel=\"noopener\">clic aqu\u00ed<\/a>.<\/li>\n<li><strong>Programa de senderismo.<\/strong> Esta es una actividad gratuita para todas aquella personas que se alojen en nuestro recinto. Estas excursiones de senderismo son la mejor actividad para los que desees descubrir nuestra Val d\u2019Aran a pie y de la mano de un gu\u00eda especializado, que adem\u00e1s de guiaros os ir\u00e1 contando an\u00e9cdotas y todos los detalles sobre fauna, flora y cultura.<\/li>\n<li><strong>Servicio de bar restaurante abierto durante todo el verano.<\/strong> Si lo que quieres es descansar de la cocina durante unos d\u00edas en Verneda Camping Mountain Resort encontrar\u00e1s lo que necesitas. Una carta variada para que mayores y peque\u00f1os puedan comer rico y saludable. Tambi\u00e9n ofrecemos un servicio de<em> take away<\/em> para que pod\u00e1is disfrutar de nuestros platos desde vuestras parcelas o bungalows.<\/li>\n<li><strong>Actividades nocturnas.<\/strong> A partir del mes de julio vuelven Es Nets deth Verneda. Noches al aire libre con m\u00fasica en directo y como tel\u00f3n de fondo las monta\u00f1as de la Val d\u2019Aran. \u00a1El planazo!<\/li>\n<li><strong>Alquiler de neveras.<\/strong> Para los que veng\u00e1is de camping y no teng\u00e1is muy claro si traeros la nevera o no, os recordamos que tenemos un servicio de alquiler de neveras, por el que a partir del tercer d\u00eda pod\u00e9is obtener descuentos.<\/li>\n<li><strong>\u00a1Perretes bienvenidos!<\/strong> Porque si los ni\u00f1os son los reyes del camping, los animales son uno m\u00e1s de la familia. Por eso aqu\u00ed todos son bienvenidos. Un paseo matutino por el Camp Reiau o por nuestra zona acondicionada al lado del r\u00edo Garona son le mejor remedio para soportar el calor, pero tambi\u00e9n para que los m\u00e1s peludos puedan correr, jugar y ba\u00f1arse en el r\u00edo.<\/li>\n<\/ul>\n<p>Y tenemos muchas cosas m\u00e1s, pero lo mejor que puedes hacer es venir a comprobarlo por ti mismo\/a. \u00a1Vive el verano a lo #VIDAVerneda!<\/p>\n","protected":false},"excerpt":{"rendered":"<p>Tal como dice la canci\u00f3n \u201c el verano ya lleg\u00f3, ya lleg\u00f3\u2026\u201d Y desde Verneda Camping Mountain Resort no podemos estar m\u00e1s contentos de anunciarlo [&hellip;]<\/p>\n","protected":false},"author":1,"featured_media":4121,"comment_status":"open","ping_status":"open","sticky":false,"template":"","format":"standard","meta":[],"categories":[1,72,69],"tags":[262,914,546,11,1332,1331,1020,818],"_links":{"self":[{"href":"http:\/\/www.campingverneda.com\/blog\/wp-json\/wp\/v2\/posts\/4120"}],"collection":[{"href":"http:\/\/www.campingverneda.com\/blog\/wp-json\/wp\/v2\/posts"}],"about":[{"href":"http:\/\/www.campingverneda.com\/blog\/wp-json\/wp\/v2\/types\/post"}],"author":[{"embeddable":true,"href":"http:\/\/www.campingverneda.com\/blog\/wp-json\/wp\/v2\/users\/1"}],"replies":[{"embeddable":true,"href":"http:\/\/www.campingverneda.com\/blog\/wp-json\/wp\/v2\/comments?post=4120"}],"version-history":[{"count":12,"href":"http:\/\/www.campingverneda.com\/blog\/wp-json\/wp\/v2\/posts\/4120\/revisions"}],"predecessor-version":[{"id":4134,"href":"http:\/\/www.campingverneda.com\/blog\/wp-json\/wp\/v2\/posts\/4120\/revisions\/4134"}],"wp:featuredmedia":[{"embeddable":true,"href":"http:\/\/www.campingverneda.com\/blog\/wp-json\/wp\/v2\/media\/4121"}],"wp:attachment":[{"href":"http:\/\/www.campingverneda.com\/blog\/wp-json\/wp\/v2\/media?parent=4120"}],"wp:term":[{"taxonomy":"category","embeddable":true,"href":"http:\/\/www.campingverneda.com\/blog\/wp-json\/wp\/v2\/categories?post=4120"},{"taxonomy":"post_tag","embeddable":true,"href":"http:\/\/www.campingverneda.com\/blog\/wp-json\/wp\/v2\/tags?post=4120"}],"curies":[{"name":"wp","href":"https:\/\/api.w.org\/{rel}","templated":true}]}}