{"id":4063,"date":"2022-05-14T05:38:16","date_gmt":"2022-05-14T05:38:16","guid":{"rendered":"http:\/\/www.campingverneda.com\/blog\/?p=4063"},"modified":"2022-06-24T14:06:57","modified_gmt":"2022-06-24T14:06:57","slug":"dia-internacional-de-las-familias-en-vidaverneda","status":"publish","type":"post","link":"http:\/\/www.campingverneda.com\/blog\/2022\/05\/14\/dia-internacional-de-las-familias-en-vidaverneda\/","title":{"rendered":"D\u00eda Internacional de las Familias en #VIDAVerneda"},"content":{"rendered":"<div id=\"attachment_4065\" style=\"width: 280px\" class=\"wp-caption alignright\"><a href=\"http:\/\/www.campingverneda.com\/blog\/2022\/05\/14\/dia-internacional-de-las-familias-en-vidaverneda\/verneda-dia-familias-camping-valdaran\/\" rel=\"attachment wp-att-4065\"><img aria-describedby=\"caption-attachment-4065\" decoding=\"async\" loading=\"lazy\" class=\" wp-image-4065\" src=\"http:\/\/www.campingverneda.com\/blog\/wp-content\/uploads\/2022\/05\/verneda-dia-familias-camping-valdaran.jpg\" alt=\"Camping en el Pirineo\" width=\"270\" height=\"404\" srcset=\"http:\/\/www.campingverneda.com\/blog\/wp-content\/uploads\/2022\/05\/verneda-dia-familias-camping-valdaran-200x300.jpg 200w, http:\/\/www.campingverneda.com\/blog\/wp-content\/uploads\/2022\/05\/verneda-dia-familias-camping-valdaran-400x599.jpg 400w, http:\/\/www.campingverneda.com\/blog\/wp-content\/uploads\/2022\/05\/verneda-dia-familias-camping-valdaran.jpg 600w\" sizes=\"(max-width: 270px) 100vw, 270px\" \/><\/a><p id=\"caption-attachment-4065\" class=\"wp-caption-text\">NI\u00f1os felices a lo #VIDAVerneda<\/p><\/div>\n<p>Este fin de semana estamos celebrando el <strong>D\u00eda Internacional de las Familias<\/strong>. Lo celebramos porque Verneda Camping Mountain Resort naci\u00f3 como un sue\u00f1o familiar, por una familia que deseaba compartir con otras familias un lugar id\u00edlico para <strong>disfrutar, desconectar, y aprender de la Naturaleza<\/strong>.<\/p>\n<p>M\u00e1s de 30 a\u00f1os despu\u00e9s, aqu\u00ed seguimos, con muchas novedades, pero manteniendo nuestro sue\u00f1o familiar intacto. Durante estas tres \u00faltimas d\u00e9cadas, cientos de familias nos hab\u00e9is elegido como lugar para pasar vuestras vacaciones, y el equipo de Verneda Camping Mountain Resort os queremos dar las GRACIAS por seguir confiando en nosotros y nosotras.<\/p>\n<p>Llevamos tantos a\u00f1os trabajando juntos y juntas que <strong>nuestro equipo de Verneda Camping Mountain Resort tambi\u00e9n es una gran familia<\/strong>, y funcionamos como tal. Nos encontramos por la ma\u00f1ana y nos preguntamos qu\u00e9 tal hemos empezado el d\u00eda, compartimos t\u00e9 y\/o caf\u00e9, y nos esforzamos para que el tiempo que pasamos juntos sea de calidad, siempre dando la mejor versi\u00f3n de nosotros mismo, y aprendiendo unos de otros, cuid\u00e1ndonos d\u00eda a d\u00eda.<\/p>\n<p>Hoy, D\u00eda Internacional de las Familias, tambi\u00e9n queremos celebrar lo mejor de las familias. No existe un tipo de familia, sino que hay muchas variantes.<strong> Lo m\u00e1s importante de todas las familias, sean como sean, es el amor que las une, el cari\u00f1o, la forma de enfrentar los problemas que puedan surgir cada d\u00eda, solucionar todo juntos, mantener el respeto y so\u00f1ar juntos<\/strong>.<\/p>\n<p>Por todo esto y mucho m\u00e1s, lanzamos la promo: <strong>ni\u00f1os gratis si realizas tu reserva entre el 16 y el 19 de mayo<\/strong> para todas las familias, porque sabemos que la mejor forma de celebrar el D\u00eda Internacional de las Familias es compartiendo tiempo de calidad juntos y juntas en este rinc\u00f3n de los Pirineos. Y obvio, \u00a1tambi\u00e9n con vuestras mascotas! <strong>Esta promoci\u00f3n es vigente para temporada baja y media, y solamente en acampada y para poder disfurtar de ella tienes que hacer tu reserva v\u00eda tel\u00e9fono.<\/strong><\/p>\n<p>Ll\u00e1manos, haz tu reserva y \u00fanete a nuestra celebraci\u00f3n del D\u00eda Internacional de las Familias a lo #VIDAVerneda en la Val d&#8217;Aran. \u00a1Os esperamos!<\/p>\n","protected":false},"excerpt":{"rendered":"<p>Este fin de semana estamos celebrando el D\u00eda Internacional de las Familias. Lo celebramos porque Verneda Camping Mountain Resort naci\u00f3 como un sue\u00f1o familiar, por [&hellip;]<\/p>\n","protected":false},"author":1,"featured_media":4064,"comment_status":"open","ping_status":"open","sticky":false,"template":"","format":"standard","meta":[],"categories":[1],"tags":[1323,1325,91,51,1321,1322,1020,1320,1326,1324],"_links":{"self":[{"href":"http:\/\/www.campingverneda.com\/blog\/wp-json\/wp\/v2\/posts\/4063"}],"collection":[{"href":"http:\/\/www.campingverneda.com\/blog\/wp-json\/wp\/v2\/posts"}],"about":[{"href":"http:\/\/www.campingverneda.com\/blog\/wp-json\/wp\/v2\/types\/post"}],"author":[{"embeddable":true,"href":"http:\/\/www.campingverneda.com\/blog\/wp-json\/wp\/v2\/users\/1"}],"replies":[{"embeddable":true,"href":"http:\/\/www.campingverneda.com\/blog\/wp-json\/wp\/v2\/comments?post=4063"}],"version-history":[{"count":3,"href":"http:\/\/www.campingverneda.com\/blog\/wp-json\/wp\/v2\/posts\/4063\/revisions"}],"predecessor-version":[{"id":4068,"href":"http:\/\/www.campingverneda.com\/blog\/wp-json\/wp\/v2\/posts\/4063\/revisions\/4068"}],"wp:featuredmedia":[{"embeddable":true,"href":"http:\/\/www.campingverneda.com\/blog\/wp-json\/wp\/v2\/media\/4064"}],"wp:attachment":[{"href":"http:\/\/www.campingverneda.com\/blog\/wp-json\/wp\/v2\/media?parent=4063"}],"wp:term":[{"taxonomy":"category","embeddable":true,"href":"http:\/\/www.campingverneda.com\/blog\/wp-json\/wp\/v2\/categories?post=4063"},{"taxonomy":"post_tag","embeddable":true,"href":"http:\/\/www.campingverneda.com\/blog\/wp-json\/wp\/v2\/tags?post=4063"}],"curies":[{"name":"wp","href":"https:\/\/api.w.org\/{rel}","templated":true}]}}