{"id":4047,"date":"2022-04-19T16:41:31","date_gmt":"2022-04-19T16:41:31","guid":{"rendered":"http:\/\/www.campingverneda.com\/blog\/?p=4047"},"modified":"2022-06-24T14:07:47","modified_gmt":"2022-06-24T14:07:47","slug":"tips-para-una-primavera-muy-vidaverneda","status":"publish","type":"post","link":"http:\/\/www.campingverneda.com\/blog\/2022\/04\/19\/tips-para-una-primavera-muy-vidaverneda\/","title":{"rendered":"Tips para una primavera muy #VIDAVerneda"},"content":{"rendered":"<div id=\"attachment_4049\" style=\"width: 352px\" class=\"wp-caption alignright\"><a href=\"http:\/\/www.campingverneda.com\/blog\/2022\/04\/19\/tips-para-una-primavera-muy-vidaverneda\/verneda-camping-caminreiau-valdaran-2\/\" rel=\"attachment wp-att-4049\"><img aria-describedby=\"caption-attachment-4049\" decoding=\"async\" loading=\"lazy\" class=\" wp-image-4049\" src=\"http:\/\/www.campingverneda.com\/blog\/wp-content\/uploads\/2022\/04\/verneda-camping-caminreiau-valdaran-1.jpg\" alt=\"prmavera en verneda en los bungalows de madera\" width=\"342\" height=\"456\" srcset=\"http:\/\/www.campingverneda.com\/blog\/wp-content\/uploads\/2022\/04\/verneda-camping-caminreiau-valdaran-1-200x267.jpg 200w, http:\/\/www.campingverneda.com\/blog\/wp-content\/uploads\/2022\/04\/verneda-camping-caminreiau-valdaran-1-225x300.jpg 225w, http:\/\/www.campingverneda.com\/blog\/wp-content\/uploads\/2022\/04\/verneda-camping-caminreiau-valdaran-1-400x533.jpg 400w, http:\/\/www.campingverneda.com\/blog\/wp-content\/uploads\/2022\/04\/verneda-camping-caminreiau-valdaran-1-600x800.jpg 600w, http:\/\/www.campingverneda.com\/blog\/wp-content\/uploads\/2022\/04\/verneda-camping-caminreiau-valdaran-1-768x1024.jpg 768w, http:\/\/www.campingverneda.com\/blog\/wp-content\/uploads\/2022\/04\/verneda-camping-caminreiau-valdaran-1-800x1067.jpg 800w, http:\/\/www.campingverneda.com\/blog\/wp-content\/uploads\/2022\/04\/verneda-camping-caminreiau-valdaran-1-1200x1600.jpg 1200w, http:\/\/www.campingverneda.com\/blog\/wp-content\/uploads\/2022\/04\/verneda-camping-caminreiau-valdaran-1.jpg 3024w\" sizes=\"(max-width: 342px) 100vw, 342px\" \/><\/a><p id=\"caption-attachment-4049\" class=\"wp-caption-text\">De paseo por el Camin Reiau<\/p><\/div>\n<p>La primavera ya est\u00e1 aqu\u00ed y eso nos encanta. En Verneda Camping Mountain Resort nos gusta la primavera porque los d\u00edas son m\u00e1s largos, hay m\u00e1s luz en el ambiente, una luz llena de color con los \u00e1rboles en flor y los animales saliendode sus madrigueras. La primavera es esa temporada del a\u00f1o en el que flora y fauna brillan, disfrutan, viven.<\/p>\n<p>La primavera se siente en el ambiente. <strong>\u00a1La primavera est\u00e1 presente en la Val d\u2019Aran!<\/strong><\/p>\n<p>Aqu\u00ed os lanzamos algunos <strong>tips para disfrutar de la primavera en este lado de los Pirineos a lo #VIDAVerneda<\/strong>:<\/p>\n<p>&#8211; Madrugar, merece la pena <strong>ver el amanecer de primavera bajo las monta\u00f1as que nos rodean en Verneda Camping Mountain Resort<\/strong>. Disfrutar de un desayuno temprano en las terrazas de nuestros bungalows con los pajaritos que nos visitan es un lujo que marca el comienzo de un buen d\u00eda.<br \/>\n&#8211; <strong>Pasear por el Camin Reiau<\/strong> y dejarse sorprender con todo el movimiento de los bichitos que empiezan a recopilar alimento para su pr\u00f3ximo invierno escondidos. Consulta las rutas que te proponemos <a href=\"https:\/\/www.campingverneda.com\/rutas\" target=\"_blank\" rel=\"noopener\">aqu\u00ed<\/a>.<br \/>\n&#8211; Gozar de un buen vino o una birra artesana en las terrazas de los bares de<strong> Vielha o de los pueblos de alrededor<\/strong>, con buena temperatura y el mejor ambiente de las personas locales y de quienes nos visitan en este valle de los Pirineos.<br \/>\n&#8211; Visitar la Artiga de Lin y\/o seguir el caudal del r\u00edo Garona con sus<strong> aguas trasparentes del deshielo<\/strong>.<br \/>\n&#8211; <strong>Alquilar unas e-bikes<\/strong> en <a href=\"https:\/\/www.coposbike.com\/\" target=\"_blank\" rel=\"noopener\">Copos Bike<\/a> y descubrir nuevas rutas entre nuestras monta\u00f1as. Preg\u00fanntanos en recepci\u00f3n y te damos toda la informaci\u00f3n sobre el alquiler y rutas guiadas.<br \/>\n&#8211; Disfrutar de una <strong>barbacoa en buena compa\u00f1\u00eda<\/strong> en las parrillas habilitadas en <a href=\"https:\/\/www.facebook.com\/VernedaCampingMountainResort\/\" target=\"_blank\" rel=\"noopener\">Verneda Camping Mountain Resort<\/a> con tus personas favoritas.<\/p>\n<p>Las opciones para pasarlo bien durante la primavera en la Val d\u2019Aran son infinitas, todo depende de lo que te guste y de lo que te pida el cuerpo.<\/p>\n<p>\u00bfC\u00f3mo quieres pasar esta primavera?<\/p>\n","protected":false},"excerpt":{"rendered":"<p>La primavera ya est\u00e1 aqu\u00ed y eso nos encanta. En Verneda Camping Mountain Resort nos gusta la primavera porque los d\u00edas son m\u00e1s largos, hay [&hellip;]<\/p>\n","protected":false},"author":1,"featured_media":4053,"comment_status":"open","ping_status":"open","sticky":false,"template":"","format":"standard","meta":[],"categories":[69],"tags":[1319,51,713,11,935,1318,818],"_links":{"self":[{"href":"http:\/\/www.campingverneda.com\/blog\/wp-json\/wp\/v2\/posts\/4047"}],"collection":[{"href":"http:\/\/www.campingverneda.com\/blog\/wp-json\/wp\/v2\/posts"}],"about":[{"href":"http:\/\/www.campingverneda.com\/blog\/wp-json\/wp\/v2\/types\/post"}],"author":[{"embeddable":true,"href":"http:\/\/www.campingverneda.com\/blog\/wp-json\/wp\/v2\/users\/1"}],"replies":[{"embeddable":true,"href":"http:\/\/www.campingverneda.com\/blog\/wp-json\/wp\/v2\/comments?post=4047"}],"version-history":[{"count":9,"href":"http:\/\/www.campingverneda.com\/blog\/wp-json\/wp\/v2\/posts\/4047\/revisions"}],"predecessor-version":[{"id":4140,"href":"http:\/\/www.campingverneda.com\/blog\/wp-json\/wp\/v2\/posts\/4047\/revisions\/4140"}],"wp:featuredmedia":[{"embeddable":true,"href":"http:\/\/www.campingverneda.com\/blog\/wp-json\/wp\/v2\/media\/4053"}],"wp:attachment":[{"href":"http:\/\/www.campingverneda.com\/blog\/wp-json\/wp\/v2\/media?parent=4047"}],"wp:term":[{"taxonomy":"category","embeddable":true,"href":"http:\/\/www.campingverneda.com\/blog\/wp-json\/wp\/v2\/categories?post=4047"},{"taxonomy":"post_tag","embeddable":true,"href":"http:\/\/www.campingverneda.com\/blog\/wp-json\/wp\/v2\/tags?post=4047"}],"curies":[{"name":"wp","href":"https:\/\/api.w.org\/{rel}","templated":true}]}}