{"id":4040,"date":"2022-04-07T11:50:11","date_gmt":"2022-04-07T11:50:11","guid":{"rendered":"http:\/\/www.campingverneda.com\/blog\/?p=4040"},"modified":"2022-06-27T10:37:30","modified_gmt":"2022-06-27T10:37:30","slug":"temporada-de-camping-abierta","status":"publish","type":"post","link":"http:\/\/www.campingverneda.com\/blog\/2022\/04\/07\/temporada-de-camping-abierta\/","title":{"rendered":"Temporada de camping abierta"},"content":{"rendered":"<div id=\"attachment_4041\" style=\"width: 543px\" class=\"wp-caption alignright\"><a href=\"http:\/\/www.campingverneda.com\/blog\/2022\/04\/07\/temporada-de-camping-abierta\/camping-verneda-acampada-valdaran\/\" rel=\"attachment wp-att-4041\"><img aria-describedby=\"caption-attachment-4041\" decoding=\"async\" loading=\"lazy\" class=\" wp-image-4041\" src=\"http:\/\/www.campingverneda.com\/blog\/wp-content\/uploads\/2022\/04\/camping-verneda-acampada-valdaran.png\" alt=\"Camping Verneda en la Val d'Aran\" width=\"533\" height=\"532\" srcset=\"http:\/\/www.campingverneda.com\/blog\/wp-content\/uploads\/2022\/04\/camping-verneda-acampada-valdaran-66x66.png 66w, http:\/\/www.campingverneda.com\/blog\/wp-content\/uploads\/2022\/04\/camping-verneda-acampada-valdaran-150x150.png 150w, http:\/\/www.campingverneda.com\/blog\/wp-content\/uploads\/2022\/04\/camping-verneda-acampada-valdaran-200x200.png 200w, http:\/\/www.campingverneda.com\/blog\/wp-content\/uploads\/2022\/04\/camping-verneda-acampada-valdaran-300x300.png 300w, http:\/\/www.campingverneda.com\/blog\/wp-content\/uploads\/2022\/04\/camping-verneda-acampada-valdaran-400x399.png 400w, http:\/\/www.campingverneda.com\/blog\/wp-content\/uploads\/2022\/04\/camping-verneda-acampada-valdaran-600x599.png 600w, http:\/\/www.campingverneda.com\/blog\/wp-content\/uploads\/2022\/04\/camping-verneda-acampada-valdaran-768x767.png 768w, http:\/\/www.campingverneda.com\/blog\/wp-content\/uploads\/2022\/04\/camping-verneda-acampada-valdaran-800x799.png 800w, http:\/\/www.campingverneda.com\/blog\/wp-content\/uploads\/2022\/04\/camping-verneda-acampada-valdaran-1024x1022.png 1024w, http:\/\/www.campingverneda.com\/blog\/wp-content\/uploads\/2022\/04\/camping-verneda-acampada-valdaran-1200x1198.png 1200w, http:\/\/www.campingverneda.com\/blog\/wp-content\/uploads\/2022\/04\/camping-verneda-acampada-valdaran.png 1276w\" sizes=\"(max-width: 533px) 100vw, 533px\" \/><\/a><p id=\"caption-attachment-4041\" class=\"wp-caption-text\">Zona de camping en Verneda Camping Mountain Resort<\/p><\/div>\n<p>\u00a1Ya tenemos fecha oficial de apertura de la temporada de camping! <strong>El pr\u00f3ximo viernes 8 de abril es el primer d\u00eda de esta nueva temporada<\/strong> y estamos con muchas ganas de volver a veros acampar por en <a href=\"https:\/\/www.campingverneda.com\/camping\" target=\"_blank\" rel=\"noopener\">Verneda Camping Mountain Resort<\/a>.<\/p>\n<p>Adem\u00e1s, esta nueva temporada de camping en Verneda Camping Mountain Resort viene con muchas novedades para todos y todas les que est\u00e1is <strong>contando los d\u00edas para venir a la Val d\u2019Aran a pasar unos d\u00edas de desconexi\u00f3n de la rutina y conexi\u00f3n con el entorno natural<\/strong> que nos rodea en<a href=\"https:\/\/www.campingverneda.com\/entorno\" target=\"_blank\" rel=\"noopener\"> este rinc\u00f3n de los Pirineos<\/a>. La primera novedad a destacar es sobre las parcelas.<\/p>\n<p>Aunque sabemos que todos y todas sol\u00e9is repetir, siempre hay alguien que nos sugiere cambios. Como cada a\u00f1o, escuchamos e intentamos adaptarnos para que est\u00e9is lo m\u00e1s c\u00f3modos y c\u00f3modas posibles. Por eso,<strong> este a\u00f1o las parcelas tienen distintos tama\u00f1os para que cada uno\/a pod\u00e1is elegir cu\u00e1l es la que m\u00e1s os conviene seg\u00fan vuestras necesidades<\/strong>:<\/p>\n<p>&#8211; <a href=\"https:\/\/www.campingverneda.com\/parcela-standard\" target=\"_blank\" rel=\"noopener\">Parcela Standard<\/a>: Este tipo de parcelas oscilan entre los 50-60m\u00b2. Est\u00e1n pensadas para tiendas o caravanas peque\u00f1as, de 2 o 3 personas y un coche o moto. Las furgonetas tipo camper tambi\u00e9n pueden disfrutar de esta parcela siempre que no excedan de los 5m de longitud.<\/p>\n<p>&#8211; <a href=\"https:\/\/www.campingverneda.com\/parcela-confort\" target=\"_blank\" rel=\"noopener\">Parcela Confort<\/a>: Esta parcela es ideal si buscas tener m\u00e1s espacio a tu alrededor. Son parcelas de aproximadamente 60-80 m2 pensadas para una autocaravana, o un coche con una caravana o una tienda grande.<\/p>\n<p>&#8211; <a href=\"https:\/\/www.campingverneda.com\/parcela-plus\" target=\"_blank\" rel=\"noopener\">Parcela Plus<\/a>: \u00a1Para los que buscan unas vacaciones a lo grande y con todo el espacio del mundo!\u00a0 Estas parcelas son de 95m\u00b2 . Y est\u00e1n pensadas para grandes autocaravanas o caravanas y amplias tiendas.<\/p>\n<p>Y como lo bueno no hace falta cambiar, porque sabemos que os encanta, para Sant Joan abrimos nuestra piscina climatizada de cloraci\u00f3n salina. \u00a1El mayor disfrute para mayores y peques! Y lo mejor de la piscina, tambi\u00e9n para mayores y peques, es la terraza del restaurantecon todo listo para desayunos, comidas y cenas\u2026 \u00a1Buen plan asegurado!<\/p>\n<p>Las barbacoas ya est\u00e1n s\u00faper operativas para que pong\u00e1is al fuego buena carne de Km0 o vegetales frescos de la zona, ya sab\u00e9is que siempre que podemos hacemos un gui\u00f1o amable al <strong>consumo de productos de cercan\u00eda<\/strong>. Lo m\u00e1s importante en la zona de barbacoas es venir a pasarlo bien entre personas favoritas y cuidarlo todo para que todos y todas les que vent\u00e9is pod\u00e1is disfrutar de igual manera.<\/p>\n<p>Lo dicho. <strong>\u00a1Damos la bienvenida a la temporada de camping en la Val d\u2019Aran!<\/strong><\/p>\n","protected":false},"excerpt":{"rendered":"<p>\u00a1Ya tenemos fecha oficial de apertura de la temporada de camping! El pr\u00f3ximo viernes 8 de abril es el primer d\u00eda de esta nueva temporada [&hellip;]<\/p>\n","protected":false},"author":1,"featured_media":4043,"comment_status":"open","ping_status":"open","sticky":false,"template":"","format":"standard","meta":[],"categories":[69],"tags":[1316,12,467,1217,1317,91,804,51,818],"_links":{"self":[{"href":"http:\/\/www.campingverneda.com\/blog\/wp-json\/wp\/v2\/posts\/4040"}],"collection":[{"href":"http:\/\/www.campingverneda.com\/blog\/wp-json\/wp\/v2\/posts"}],"about":[{"href":"http:\/\/www.campingverneda.com\/blog\/wp-json\/wp\/v2\/types\/post"}],"author":[{"embeddable":true,"href":"http:\/\/www.campingverneda.com\/blog\/wp-json\/wp\/v2\/users\/1"}],"replies":[{"embeddable":true,"href":"http:\/\/www.campingverneda.com\/blog\/wp-json\/wp\/v2\/comments?post=4040"}],"version-history":[{"count":3,"href":"http:\/\/www.campingverneda.com\/blog\/wp-json\/wp\/v2\/posts\/4040\/revisions"}],"predecessor-version":[{"id":4045,"href":"http:\/\/www.campingverneda.com\/blog\/wp-json\/wp\/v2\/posts\/4040\/revisions\/4045"}],"wp:featuredmedia":[{"embeddable":true,"href":"http:\/\/www.campingverneda.com\/blog\/wp-json\/wp\/v2\/media\/4043"}],"wp:attachment":[{"href":"http:\/\/www.campingverneda.com\/blog\/wp-json\/wp\/v2\/media?parent=4040"}],"wp:term":[{"taxonomy":"category","embeddable":true,"href":"http:\/\/www.campingverneda.com\/blog\/wp-json\/wp\/v2\/categories?post=4040"},{"taxonomy":"post_tag","embeddable":true,"href":"http:\/\/www.campingverneda.com\/blog\/wp-json\/wp\/v2\/tags?post=4040"}],"curies":[{"name":"wp","href":"https:\/\/api.w.org\/{rel}","templated":true}]}}