{"id":3991,"date":"2022-02-24T10:19:57","date_gmt":"2022-02-24T10:19:57","guid":{"rendered":"http:\/\/www.campingverneda.com\/blog\/?p=3991"},"modified":"2023-12-12T08:47:24","modified_gmt":"2023-12-12T08:47:24","slug":"nuestra-huella-ecologica","status":"publish","type":"post","link":"http:\/\/www.campingverneda.com\/blog\/2022\/02\/24\/nuestra-huella-ecologica\/","title":{"rendered":"Nuestra huella ecol\u00f3gica"},"content":{"rendered":"<div id=\"attachment_3992\" style=\"width: 449px\" class=\"wp-caption alignright\"><a href=\"http:\/\/www.campingverneda.com\/blog\/2022\/02\/24\/nuestra-huella-ecologica\/campingverneda-huellaecologica\/\" rel=\"attachment wp-att-3992\"><img aria-describedby=\"caption-attachment-3992\" decoding=\"async\" loading=\"lazy\" class=\" wp-image-3992\" src=\"http:\/\/www.campingverneda.com\/blog\/wp-content\/uploads\/2022\/02\/campingverneda-huellaecologica.jpg\" alt=\"Verneda Camping Mountain Resort huella ecologica\" width=\"439\" height=\"657\" srcset=\"http:\/\/www.campingverneda.com\/blog\/wp-content\/uploads\/2022\/02\/campingverneda-huellaecologica-200x300.jpg 200w, http:\/\/www.campingverneda.com\/blog\/wp-content\/uploads\/2022\/02\/campingverneda-huellaecologica-400x599.jpg 400w, http:\/\/www.campingverneda.com\/blog\/wp-content\/uploads\/2022\/02\/campingverneda-huellaecologica-600x899.jpg 600w, http:\/\/www.campingverneda.com\/blog\/wp-content\/uploads\/2022\/02\/campingverneda-huellaecologica-683x1024.jpg 683w, http:\/\/www.campingverneda.com\/blog\/wp-content\/uploads\/2022\/02\/campingverneda-huellaecologica.jpg 700w\" sizes=\"(max-width: 439px) 100vw, 439px\" \/><\/a><p id=\"caption-attachment-3992\" class=\"wp-caption-text\">Nuestra cascada que viene del bosque<\/p><\/div>\n<p>Hace m\u00e1s de treinta a\u00f1os que empezamos nuestra labor en Verneda Camping Mountain Resort y siempre hemos tenido un objetivo claro: <strong>cuidar el medio ambiente que nos acoge<\/strong>. Todos los a\u00f1os realizamos mejoras en nuestras instalaciones para ser lo m\u00e1s sostenibles posibles. Lo que hagamos hoy, ser\u00e1 lo que dejemos para los\/as que vienen ma\u00f1ana.<\/p>\n<p><strong>La huella ecol\u00f3gica analiza los patrones de consumo de recursos y la producci\u00f3n de desechos de una poblaci\u00f3n<\/strong>. La huella muestra el c\u00e1lculo de recursos espec\u00edficos y suma los efectos por la falta de recursos. Es una <strong>herramienta que ayuda a analizar la demanda de naturaleza por parte de la humanidad<\/strong>. Actualmente hay cinco dimensiones b\u00e1sicas para calcularla:<\/p>\n<p>a) Superficie artificializada: cantidad de hect\u00e1reas utilizadas para urbanizaci\u00f3n, infraestructuras o\u00a0centros de trabajo.<br \/>\nb) Superficie necesaria para proporcionar alimento vegetal<br \/>\nc) Superficie necesaria para pastos que alimentan ganado.<br \/>\nd) Superficie marina necesaria para la pesca.<br \/>\ne) Superficie de bosque necesaria para servir de sumidero del CO2 que arroja nuestro consumo energ\u00e9tico.<\/p>\n<p>Nuestras acciones de hoy son las que van a definir nuestra huella ecol\u00f3gica, por eso resulta tan importante llevar un control del consumo de recursos, y saber c\u00f3mo son los procesos de producci\u00f3n de todos los productos que consumimos. Somos nosotros y nosotras, las personas, quienes con nuestros h\u00e1bitos podemos crear el cambio.<\/p>\n<p>Por ejemplo, si evitamos el consumo de alimentos o productos que contengan pl\u00e1stico, estamos exigiendo <strong>mediante nuestra demanda colectiva<\/strong> que fabricantes, productores y distribuidoras &#8211; ya sean de la industria textil, alimentaria u otra- que eliminen el pl\u00e1stico. De esta forma, adem\u00e1s de eliminar esta pr\u00e1ctica, evitamos que vertederos de todo el mundo se llenen de pl\u00e1sticos que no se pueden reciclar correctamente y que r\u00edos y mares se llenen de micropl\u00e1sticos.<\/p>\n<p>Otro ejemplo sencillo es si somos amantes de la carne, mejor elegir siempre productos ganaderos de proximidad y que no procedan de macrogranjas. Estas macrogranjas contaminan tierra y agua ya que no realizan una adecuada limpieza de sus desechos, y eso nos perjudica a corto y largo plazo a todos y todas.<\/p>\n<p>Cuidar cada gota de agua tambi\u00e9n es importante. Ya sabemos que hay muchos lugares del mundo sin agua potable, por lo que controlar nuestro consumo de agua es una responsabilidad moral que debemos proteger.<\/p>\n<p>Suscr\u00edbete a nuestra newsletter para recibir nuestros contenidos y <a href=\"https:\/\/www.instagram.com\/vida_verneda\/\" target=\"_blank\" rel=\"noopener\">s\u00edguenos en nuestras redes sociales<\/a><\/p>\n<p>para conocer m\u00e1s sobre c\u00f3mo cuidar nuestra huella ecol\u00f3gica y otros tips para cuidar en entorno natural que nos acoge.<\/p>\n","protected":false},"excerpt":{"rendered":"<p>Hace m\u00e1s de treinta a\u00f1os que empezamos nuestra labor en Verneda Camping Mountain Resort y siempre hemos tenido un objetivo claro: cuidar el medio ambiente [&hellip;]<\/p>\n","protected":false},"author":1,"featured_media":3494,"comment_status":"open","ping_status":"open","sticky":false,"template":"","format":"standard","meta":[],"categories":[69],"tags":[1295,818],"_links":{"self":[{"href":"http:\/\/www.campingverneda.com\/blog\/wp-json\/wp\/v2\/posts\/3991"}],"collection":[{"href":"http:\/\/www.campingverneda.com\/blog\/wp-json\/wp\/v2\/posts"}],"about":[{"href":"http:\/\/www.campingverneda.com\/blog\/wp-json\/wp\/v2\/types\/post"}],"author":[{"embeddable":true,"href":"http:\/\/www.campingverneda.com\/blog\/wp-json\/wp\/v2\/users\/1"}],"replies":[{"embeddable":true,"href":"http:\/\/www.campingverneda.com\/blog\/wp-json\/wp\/v2\/comments?post=3991"}],"version-history":[{"count":3,"href":"http:\/\/www.campingverneda.com\/blog\/wp-json\/wp\/v2\/posts\/3991\/revisions"}],"predecessor-version":[{"id":3995,"href":"http:\/\/www.campingverneda.com\/blog\/wp-json\/wp\/v2\/posts\/3991\/revisions\/3995"}],"wp:featuredmedia":[{"embeddable":true,"href":"http:\/\/www.campingverneda.com\/blog\/wp-json\/wp\/v2\/media\/3494"}],"wp:attachment":[{"href":"http:\/\/www.campingverneda.com\/blog\/wp-json\/wp\/v2\/media?parent=3991"}],"wp:term":[{"taxonomy":"category","embeddable":true,"href":"http:\/\/www.campingverneda.com\/blog\/wp-json\/wp\/v2\/categories?post=3991"},{"taxonomy":"post_tag","embeddable":true,"href":"http:\/\/www.campingverneda.com\/blog\/wp-json\/wp\/v2\/tags?post=3991"}],"curies":[{"name":"wp","href":"https:\/\/api.w.org\/{rel}","templated":true}]}}