{"id":3984,"date":"2022-02-22T08:07:33","date_gmt":"2022-02-22T08:07:33","guid":{"rendered":"http:\/\/www.campingverneda.com\/blog\/?p=3984"},"modified":"2022-09-14T14:04:36","modified_gmt":"2022-09-14T14:04:36","slug":"rutas-esqui-de-travesia-en-la-val-daran","status":"publish","type":"post","link":"http:\/\/www.campingverneda.com\/blog\/2022\/02\/22\/rutas-esqui-de-travesia-en-la-val-daran\/","title":{"rendered":"Rutas de esqu\u00ed de monta\u00f1a en la Val d&#8217;Aran"},"content":{"rendered":"<div id=\"attachment_3985\" style=\"width: 332px\" class=\"wp-caption alignright\"><a href=\"http:\/\/www.campingverneda.com\/blog\/2022\/02\/22\/rutas-esqui-de-travesia-en-la-val-daran\/verneda-esqui-travesia-rutas-valdaran\/\" rel=\"attachment wp-att-3985\"><img aria-describedby=\"caption-attachment-3985\" decoding=\"async\" loading=\"lazy\" class=\" wp-image-3985\" src=\"http:\/\/www.campingverneda.com\/blog\/wp-content\/uploads\/2022\/02\/verneda-esqui-travesia-rutas-valdaran.png\" alt=\"rutas traves\u00eda val d'aran\" width=\"322\" height=\"430\" srcset=\"http:\/\/www.campingverneda.com\/blog\/wp-content\/uploads\/2022\/02\/verneda-esqui-travesia-rutas-valdaran-200x267.png 200w, http:\/\/www.campingverneda.com\/blog\/wp-content\/uploads\/2022\/02\/verneda-esqui-travesia-rutas-valdaran-225x300.png 225w, http:\/\/www.campingverneda.com\/blog\/wp-content\/uploads\/2022\/02\/verneda-esqui-travesia-rutas-valdaran-400x533.png 400w, http:\/\/www.campingverneda.com\/blog\/wp-content\/uploads\/2022\/02\/verneda-esqui-travesia-rutas-valdaran-600x800.png 600w, http:\/\/www.campingverneda.com\/blog\/wp-content\/uploads\/2022\/02\/verneda-esqui-travesia-rutas-valdaran-768x1024.png 768w, http:\/\/www.campingverneda.com\/blog\/wp-content\/uploads\/2022\/02\/verneda-esqui-travesia-rutas-valdaran-800x1067.png 800w, http:\/\/www.campingverneda.com\/blog\/wp-content\/uploads\/2022\/02\/verneda-esqui-travesia-rutas-valdaran.png 1200w\" sizes=\"(max-width: 322px) 100vw, 322px\" \/><\/a><p id=\"caption-attachment-3985\" class=\"wp-caption-text\">De ruta por el bosque de Baricauba<\/p><\/div>\n<p>El<strong> esqu\u00ed de monta\u00f1a o de traves\u00eda<\/strong>, es una modalidad que est\u00e1 ganando adeptxs a\u00f1o tras a\u00f1o. Una manera de disfrutar de la nieve entrando en <strong>contacto pleno con la Naturaleza<\/strong> y que nos permite explorar lugares m\u00e1gicos mientras disfrutamos de descensos sin igual.<\/p>\n<p>Hoy os queremos recomendar<strong> algunas rutas<a href=\"https:\/\/www.facebook.com\/VernedaCampingMountainResort\/\" target=\"_blank\" rel=\"noopener\"> para que conozc\u00e1is la Val d&#8217;Aran<\/a><\/strong> con las pieles de foca en las suelas.<\/p>\n<p><strong>Tuc de Dossau<\/strong>: Una ruta i<strong>deal para aquellxs que se est\u00e1n iniciando en esta disciplina<\/strong>. La ascensi\u00f3n al Tuc de Dossau tiene su punto de origen en el parking de Beret, desde el que comenzaremos a subir en direcci\u00f3n Este con el Tuc de Beret de fondo. El primer tramo comprende pendientes suaves excepto una zona m\u00e1s empinada para luego volver a suavizar la subida. Tomaremos direcci\u00f3n al Portilhon de Marimanha y una vez llegados y tras subir una cuesta fuerte, giraremos en direcci\u00f3n Norte, a nuestra izquierda. Para llegar al Tuc de Dossau, bordearemos dos cotas secundarias hasta llegar a un collado en los que terminar los \u00faltimos metros para llegar a la cima, en la que podemos divisar el macizo de la Maladeta, el Montarto o el Perdiguero. Para concluir, se desciende por la zona de la pista de esqu\u00ed.<\/p>\n<p><strong>Tuc des Neres<\/strong>: De <strong>nivel intermedio<\/strong>, es una ruta excelente para conocer <strong>el paisaje del Baish Aran<\/strong>. Comienza desde el cruce de Bordius, donde tomaremos la pista que finaliza en la Cabana de Portet, aproximadamente 45&#8242;. Aqu\u00ed tomaremos direcci\u00f3n Sureste siguiendo el camino hasta la zona m\u00e1s clara y luego al final de la misma, giraremos a la derecha subiendo la vaguada rodeada de bosque que nos lleva a La Cabana deth Cau de Naut, donde divisar la subida al Tuc salpicada de \u00e1rboles. Una ruta perfecta para aquellxs aficionadxs al skimo en la que tendremos una panor\u00e1mica genial de las monta\u00f1as m\u00e1s m\u00edticas del Baish Aran.<\/p>\n<p><strong>Tuc dera Pincela<\/strong>: Una de las formas m\u00e1s comunes de ascender este pico es haci\u00e9ndolo desde Bagergue. Dejando el pueblo atr\u00e1s, seguimos el curso del r\u00edo, cruzamos la peque\u00f1a presa y el r\u00edo para subir la ladera en diagonal de izquierda a derecha, atravesando la pista que sube al Coret de Varrados y nos deja en un peque\u00f1o collado en el que volver a cruzar la pista y llegar al Plan de Moredo. Desde aqu\u00ed, dejaremos la pista para girar direcci\u00f3n Suroeste y adentrarnos en el valle que sube hasta el Tuc dera Pincela. Es una ruta para esquiadorxs con un <strong>nivel avanzado<\/strong>.<\/p>\n<p>Estas son tan s\u00f3lo unas propuestas, ya que la<strong> Val d&#8217;Aran ofrece infinitas rutas para todos los niveles<\/strong>. Si todav\u00eda no te has aventurado a probar el esqu\u00ed de monta\u00f1a \u00a1te animamos a hacerlo! Un deporte muy completo en el que tener contacto directo con la Naturaleza para despu\u00e9s <strong>disfrutar de un merecido descanso en <a href=\"https:\/\/www.campingverneda.com\/bungalows\" target=\"_blank\" rel=\"noopener\">nuestros bungalows<\/a>.<\/strong> \u00a1Os esperamos!<\/p>\n","protected":false},"excerpt":{"rendered":"<p>El esqu\u00ed de monta\u00f1a o de traves\u00eda, es una modalidad que est\u00e1 ganando adeptxs a\u00f1o tras a\u00f1o. Una manera de disfrutar de la nieve entrando [&hellip;]<\/p>\n","protected":false},"author":1,"featured_media":3986,"comment_status":"open","ping_status":"open","sticky":false,"template":"","format":"standard","meta":[],"categories":[1],"tags":[1292,1294,1291,1293,818],"_links":{"self":[{"href":"http:\/\/www.campingverneda.com\/blog\/wp-json\/wp\/v2\/posts\/3984"}],"collection":[{"href":"http:\/\/www.campingverneda.com\/blog\/wp-json\/wp\/v2\/posts"}],"about":[{"href":"http:\/\/www.campingverneda.com\/blog\/wp-json\/wp\/v2\/types\/post"}],"author":[{"embeddable":true,"href":"http:\/\/www.campingverneda.com\/blog\/wp-json\/wp\/v2\/users\/1"}],"replies":[{"embeddable":true,"href":"http:\/\/www.campingverneda.com\/blog\/wp-json\/wp\/v2\/comments?post=3984"}],"version-history":[{"count":4,"href":"http:\/\/www.campingverneda.com\/blog\/wp-json\/wp\/v2\/posts\/3984\/revisions"}],"predecessor-version":[{"id":3990,"href":"http:\/\/www.campingverneda.com\/blog\/wp-json\/wp\/v2\/posts\/3984\/revisions\/3990"}],"wp:featuredmedia":[{"embeddable":true,"href":"http:\/\/www.campingverneda.com\/blog\/wp-json\/wp\/v2\/media\/3986"}],"wp:attachment":[{"href":"http:\/\/www.campingverneda.com\/blog\/wp-json\/wp\/v2\/media?parent=3984"}],"wp:term":[{"taxonomy":"category","embeddable":true,"href":"http:\/\/www.campingverneda.com\/blog\/wp-json\/wp\/v2\/categories?post=3984"},{"taxonomy":"post_tag","embeddable":true,"href":"http:\/\/www.campingverneda.com\/blog\/wp-json\/wp\/v2\/tags?post=3984"}],"curies":[{"name":"wp","href":"https:\/\/api.w.org\/{rel}","templated":true}]}}