{"id":3978,"date":"2022-02-08T11:29:19","date_gmt":"2022-02-08T11:29:19","guid":{"rendered":"http:\/\/www.campingverneda.com\/blog\/?p=3978"},"modified":"2022-03-17T09:54:38","modified_gmt":"2022-03-17T09:54:38","slug":"vive-la-nieve-en-la-val-daran-a-tu-manera","status":"publish","type":"post","link":"http:\/\/www.campingverneda.com\/blog\/2022\/02\/08\/vive-la-nieve-en-la-val-daran-a-tu-manera\/","title":{"rendered":"Escapadas con mucha nieve"},"content":{"rendered":"<div id=\"attachment_3979\" style=\"width: 476px\" class=\"wp-caption alignright\"><a href=\"http:\/\/www.campingverneda.com\/blog\/2022\/02\/08\/vive-la-nieve-en-la-val-daran-a-tu-manera\/val_daran_destino_de_invierno\/\" rel=\"attachment wp-att-3979\"><img aria-describedby=\"caption-attachment-3979\" decoding=\"async\" loading=\"lazy\" class=\" wp-image-3979\" src=\"http:\/\/www.campingverneda.com\/blog\/wp-content\/uploads\/2022\/02\/val_daran_destino_de_invierno.png\" alt=\"Escapada a la Val d'Aran para vivir la nieve\" width=\"466\" height=\"533\" srcset=\"http:\/\/www.campingverneda.com\/blog\/wp-content\/uploads\/2022\/02\/val_daran_destino_de_invierno-200x229.png 200w, http:\/\/www.campingverneda.com\/blog\/wp-content\/uploads\/2022\/02\/val_daran_destino_de_invierno-263x300.png 263w, http:\/\/www.campingverneda.com\/blog\/wp-content\/uploads\/2022\/02\/val_daran_destino_de_invierno-400x457.png 400w, http:\/\/www.campingverneda.com\/blog\/wp-content\/uploads\/2022\/02\/val_daran_destino_de_invierno-600x686.png 600w, http:\/\/www.campingverneda.com\/blog\/wp-content\/uploads\/2022\/02\/val_daran_destino_de_invierno-768x878.png 768w, http:\/\/www.campingverneda.com\/blog\/wp-content\/uploads\/2022\/02\/val_daran_destino_de_invierno-800x914.png 800w, http:\/\/www.campingverneda.com\/blog\/wp-content\/uploads\/2022\/02\/val_daran_destino_de_invierno-896x1024.png 896w, http:\/\/www.campingverneda.com\/blog\/wp-content\/uploads\/2022\/02\/val_daran_destino_de_invierno.png 932w\" sizes=\"(max-width: 466px) 100vw, 466px\" \/><\/a><p id=\"caption-attachment-3979\" class=\"wp-caption-text\">Fuente: Visit Val d&#8217;Aran<\/p><\/div>\n<p>La nieve es ese tesoro que disfrutamos en invierno en este valle de los Pirineos. Ahora es el mejor momento para hacer una <strong>escapada de fin de semana y venir a vernos a la Val d\u2019Aran para conocer los buenos planes que ofrece la nieve<\/strong> en este valle de valles.<\/p>\n<p>Si te gusta esquiar o hacer snowboard, ya sabes lo que es <strong>sentir aut\u00e9ntica pasi\u00f3n por la nieve<\/strong>. El madrug\u00f3n para subir a pistas est\u00e1 asegurado, abrigarse bien, botas puestas y todos y todas a la estaci\u00f3n de Baqueira Beret a gozar de las bajadas interminables que tenemos en esta estaci\u00f3n de esqu\u00ed.<\/p>\n<p>Pero la nieve tambi\u00e9n sorprende gratamente a todas las personas que no son habituales en las pistas. Los buenos planes de nieve para toda la familia son interminables. Si vienes a la Val d\u2019Aran con peques, un must es<strong> hacer su primer mu\u00f1eco, o mu\u00f1eca, de nieve.<\/strong> Una actividad con muchas risas aseguradas y, sobre todo, much\u00edsima ilusi\u00f3n. Una bola grande como cuerpo, otra de buen tama\u00f1o como cabeza, y despu\u00e9s aderezarlo con lo que se tenga a mano para ponerle cuerpo e, incluso, vestirlo o vestirla. \u00a1Y ya tenemos el primer mu\u00f1eco, o mu\u00f1eca, de nieve!<\/p>\n<p>El mejor lugar para <strong>pasar un d\u00eda en la nieve por todo lo alto es en el Pla de Beret<\/strong>. Donde pod\u00e9is<strong> lanzaros en trineo<\/strong> en una zona destinada exclusivamente para esta actividad que es la m\u00e1s escogida por los peque\u00f1os de la casa. Pero si lo que os apetece es <strong>caminar disfrutando de la espectacular panor\u00e1mica<\/strong> de las monta\u00f1as nevadas con el macizo de la Maladeta y el Aneto al fondo, un agradable<strong> paseo alrededor del circuito de fondo<\/strong> es otra actividad s\u00faper recomendable. O si por el contrario, te apetece una <strong>excursi\u00f3n m\u00e1s larga<\/strong>, entre abetos y pino negro,<strong> ir hasta Montgarri<\/strong> ser\u00e1 vuestra actividad ideal.<\/p>\n<p><strong>Pasear con raquetas tambi\u00e9n es una preciosa experiencia que os recomendamos mucho<\/strong>. Si os apetece probar, desde nuestra recepci\u00f3n os lo ponemos f\u00e1cil ya que ofrecemos un <strong>descuento por el alquiler de raquetas,<\/strong> para que explor\u00e9is los caminos que nos rodean en <a href=\"https:\/\/www.campingverneda.com\" target=\"_blank\" rel=\"noopener\">Verneda Camping Mountain Resort<\/a>. Una actividad muy sencilla y muy aconsejable que promete muy buenos momentos, adem\u00e1s de hacer ejercicio de manera f\u00e1cil y amena.<\/p>\n<p>As\u00ed que si quieres venir este inverno a venir a ver la nieve ya sabes que hay un mont\u00f3n de buenos planes, tambi\u00e9n si vienes con perro. Ya sabes que en <a href=\"https:\/\/www.instagram.com\/vida_verneda\/\" target=\"_blank\" rel=\"noopener\">Verneda Camping Mountain Resort<\/a> somos un <strong>alojamiento petfriendly<\/strong>, por lo que si vienes con ellos\/as ll\u00e9vales a tus excursiones por la nieve porque van a disfrutar tanto o m\u00e1s que t\u00fa.<\/p>\n<p>Ven a vernos y disfruta de un invierno con mucha nieve en la Val d\u2019Aran, tenemos<a href=\"https:\/\/www.campingverneda.com\/invierno\"> planes para todos<\/a>.<\/p>\n","protected":false},"excerpt":{"rendered":"<p>La nieve es ese tesoro que disfrutamos en invierno en este valle de los Pirineos. Ahora es el mejor momento para hacer una escapada de [&hellip;]<\/p>\n","protected":false},"author":1,"featured_media":3980,"comment_status":"open","ping_status":"open","sticky":false,"template":"","format":"standard","meta":[],"categories":[73],"tags":[909,48,1112,1286,1284,1289,1287,1285,913,1288,1290,818],"_links":{"self":[{"href":"http:\/\/www.campingverneda.com\/blog\/wp-json\/wp\/v2\/posts\/3978"}],"collection":[{"href":"http:\/\/www.campingverneda.com\/blog\/wp-json\/wp\/v2\/posts"}],"about":[{"href":"http:\/\/www.campingverneda.com\/blog\/wp-json\/wp\/v2\/types\/post"}],"author":[{"embeddable":true,"href":"http:\/\/www.campingverneda.com\/blog\/wp-json\/wp\/v2\/users\/1"}],"replies":[{"embeddable":true,"href":"http:\/\/www.campingverneda.com\/blog\/wp-json\/wp\/v2\/comments?post=3978"}],"version-history":[{"count":2,"href":"http:\/\/www.campingverneda.com\/blog\/wp-json\/wp\/v2\/posts\/3978\/revisions"}],"predecessor-version":[{"id":3982,"href":"http:\/\/www.campingverneda.com\/blog\/wp-json\/wp\/v2\/posts\/3978\/revisions\/3982"}],"wp:featuredmedia":[{"embeddable":true,"href":"http:\/\/www.campingverneda.com\/blog\/wp-json\/wp\/v2\/media\/3980"}],"wp:attachment":[{"href":"http:\/\/www.campingverneda.com\/blog\/wp-json\/wp\/v2\/media?parent=3978"}],"wp:term":[{"taxonomy":"category","embeddable":true,"href":"http:\/\/www.campingverneda.com\/blog\/wp-json\/wp\/v2\/categories?post=3978"},{"taxonomy":"post_tag","embeddable":true,"href":"http:\/\/www.campingverneda.com\/blog\/wp-json\/wp\/v2\/tags?post=3978"}],"curies":[{"name":"wp","href":"https:\/\/api.w.org\/{rel}","templated":true}]}}