{"id":3970,"date":"2022-01-20T15:14:17","date_gmt":"2022-01-20T15:14:17","guid":{"rendered":"http:\/\/www.campingverneda.com\/blog\/?p=3970"},"modified":"2022-02-24T10:20:47","modified_gmt":"2022-02-24T10:20:47","slug":"san-valentin-o-excusas-para-viajar","status":"publish","type":"post","link":"http:\/\/www.campingverneda.com\/blog\/2022\/01\/20\/san-valentin-o-excusas-para-viajar\/","title":{"rendered":"San Valent\u00edn o excusas para viajar"},"content":{"rendered":"<div id=\"attachment_3972\" style=\"width: 378px\" class=\"wp-caption alignright\"><a href=\"http:\/\/www.campingverneda.com\/blog\/2022\/01\/20\/san-valentin-o-excusas-para-viajar\/verneda-camping-bungalow-valdaran\/\" rel=\"attachment wp-att-3972\"><img aria-describedby=\"caption-attachment-3972\" decoding=\"async\" loading=\"lazy\" class=\" wp-image-3972\" src=\"http:\/\/www.campingverneda.com\/blog\/wp-content\/uploads\/2022\/01\/verneda-camping-bungalow-valdaran.png\" alt=\"Bungalows de madera en la Val d'Aran\" width=\"368\" height=\"554\" srcset=\"http:\/\/www.campingverneda.com\/blog\/wp-content\/uploads\/2022\/01\/verneda-camping-bungalow-valdaran-199x300.png 199w, http:\/\/www.campingverneda.com\/blog\/wp-content\/uploads\/2022\/01\/verneda-camping-bungalow-valdaran-200x301.png 200w, http:\/\/www.campingverneda.com\/blog\/wp-content\/uploads\/2022\/01\/verneda-camping-bungalow-valdaran-400x602.png 400w, http:\/\/www.campingverneda.com\/blog\/wp-content\/uploads\/2022\/01\/verneda-camping-bungalow-valdaran-600x903.png 600w, http:\/\/www.campingverneda.com\/blog\/wp-content\/uploads\/2022\/01\/verneda-camping-bungalow-valdaran-680x1024.png 680w, http:\/\/www.campingverneda.com\/blog\/wp-content\/uploads\/2022\/01\/verneda-camping-bungalow-valdaran-768x1156.png 768w, http:\/\/www.campingverneda.com\/blog\/wp-content\/uploads\/2022\/01\/verneda-camping-bungalow-valdaran-800x1204.png 800w, http:\/\/www.campingverneda.com\/blog\/wp-content\/uploads\/2022\/01\/verneda-camping-bungalow-valdaran.png 922w\" sizes=\"(max-width: 368px) 100vw, 368px\" \/><\/a><p id=\"caption-attachment-3972\" class=\"wp-caption-text\">vacaciones en pareja a lo #VIDAVerneda<\/p><\/div>\n<p>Ya sabemos que San Valent\u00edn es s\u00f3lo una excusa para manifestar nuestro amor a nuestra pareja, <strong>ese amor se demuestra caminando d\u00eda a d\u00eda juntos<\/strong>. Y hoy <strong>hay muchas maneras de amor<\/strong>, as\u00ed que nos tomamos San Valent\u00edn para gritar bien fuerte <em>\u00a1qu\u00e9 viva el amor!<\/em><\/p>\n<p><strong>El amor a nuestra pareja, el amor a nuestra familia, el amor por nuestros animales de compa\u00f1\u00eda, el amor por nuestros amigos y amigas, el poliamor, el amor a uno\/a mismo\/a, el amor a lo que hacemos, el amor a las cosas bonitas.<\/strong> Todo tipo de amor se debe celebrar y, por supuesto, la mejor manera de expresar ese amor es, como dec\u00edamos, caminando juntes.<\/p>\n<p>Utiliza el fin de semana previo o posterior a San Valent\u00edn como buen\u00edsima excusa para salir de la rutina y venir a vernos a Verneda Camping Mountain Resort para celebrar todos los formatos de amor presentes. Ven y camina por nuestros senderos, camina por la monta\u00f1a, camina por nuestros pueblos. Camina por donde quieras, comparte el camino, y disfruta de cada paso.<\/p>\n<p>Y para que el amor se celebre de la mejor manera, lanzamos la <strong>promoci\u00f3n exclusiva<\/strong> para esos fines de semana que consta de un descuento del 10% en nuestros alojamientos. Puedes <a href=\"https:\/\/thelisresa.webcamp.fr\/list.php?camping=verneda&amp;track=1212022&amp;type=2&amp;typelocation=2&amp;nb_pers=0&amp;begin=2022-02-11&amp;end=2022-02-13&amp;duration=2&amp;beginType=0&amp;tolerance=0&amp;lang=es&amp;PHPSESSID=q2rakvleful1tof3t0jc4682jh\" target=\"_blank\" rel=\"noopener\">acceder directamente desde este enlace<\/a>.<\/p>\n<p>Entre todos los buenos planes que pod\u00e9is hacer para celebrar el amor estos d\u00edas en la Val d\u2019Aran, os damos algunas buenas ideas para el fin de semana en este valle de los Pirineos:<br \/>\nPaseo por el Camin Reiau en raquetas, si hay nieve, y con acceso directo desde Verneda Camping Mountain Resort.<br \/>\nPaseo por la Artiga de Lin.<br \/>\nProbar la Olha Aranesa en cualquier restaurante de nuestro valle.<br \/>\nSiesta en nuestras <a href=\"https:\/\/www.campingverneda.com\/cabana\" target=\"_blank\" rel=\"noopener\">Cabanas<\/a> calentitos\/as con la estufa de pelet.<br \/>\nCervecita artesana y buen ambiente en <a href=\"https:\/\/www.instagram.com\/refu_birreria\/\" target=\"_blank\" rel=\"noopener\">REFU Birreria<\/a>.<br \/>\nCena rom\u00e1ntica en <a href=\"https:\/\/www.facebook.com\/EthCorner\" target=\"_blank\" rel=\"noopener\">Eth Corner<\/a>.<\/p>\n<p>Para m\u00e1s buenos planes, pregunta en nuestro punto de informaci\u00f3n de Verneda Camping Mountain Resort y s\u00edguenos en<a href=\"https:\/\/www.instagram.com\/vida_verneda\/\" target=\"_blank\" rel=\"noopener\"> Instagram<\/a>, <a href=\"https:\/\/www.facebook.com\/VernedaCampingMountainResort\/\" target=\"_blank\" rel=\"noopener\">Facebook<\/a> y <a href=\"https:\/\/twitter.com\/VIDAVerneda\" target=\"_blank\" rel=\"noopener\">Twitter<\/a>.<\/p>\n<p>Recuerda: \u00a1Viva el amor, sea del tipo que sea!<\/p>\n","protected":false},"excerpt":{"rendered":"<p>Ya sabemos que San Valent\u00edn es s\u00f3lo una excusa para manifestar nuestro amor a nuestra pareja, ese amor se demuestra caminando d\u00eda a d\u00eda juntos. [&hellip;]<\/p>\n","protected":false},"author":1,"featured_media":3971,"comment_status":"open","ping_status":"open","sticky":false,"template":"","format":"standard","meta":[],"categories":[71],"tags":[1281,535,664,1279,1280,1039,1037,1283,116,756,1282,818],"_links":{"self":[{"href":"http:\/\/www.campingverneda.com\/blog\/wp-json\/wp\/v2\/posts\/3970"}],"collection":[{"href":"http:\/\/www.campingverneda.com\/blog\/wp-json\/wp\/v2\/posts"}],"about":[{"href":"http:\/\/www.campingverneda.com\/blog\/wp-json\/wp\/v2\/types\/post"}],"author":[{"embeddable":true,"href":"http:\/\/www.campingverneda.com\/blog\/wp-json\/wp\/v2\/users\/1"}],"replies":[{"embeddable":true,"href":"http:\/\/www.campingverneda.com\/blog\/wp-json\/wp\/v2\/comments?post=3970"}],"version-history":[{"count":3,"href":"http:\/\/www.campingverneda.com\/blog\/wp-json\/wp\/v2\/posts\/3970\/revisions"}],"predecessor-version":[{"id":3975,"href":"http:\/\/www.campingverneda.com\/blog\/wp-json\/wp\/v2\/posts\/3970\/revisions\/3975"}],"wp:featuredmedia":[{"embeddable":true,"href":"http:\/\/www.campingverneda.com\/blog\/wp-json\/wp\/v2\/media\/3971"}],"wp:attachment":[{"href":"http:\/\/www.campingverneda.com\/blog\/wp-json\/wp\/v2\/media?parent=3970"}],"wp:term":[{"taxonomy":"category","embeddable":true,"href":"http:\/\/www.campingverneda.com\/blog\/wp-json\/wp\/v2\/categories?post=3970"},{"taxonomy":"post_tag","embeddable":true,"href":"http:\/\/www.campingverneda.com\/blog\/wp-json\/wp\/v2\/tags?post=3970"}],"curies":[{"name":"wp","href":"https:\/\/api.w.org\/{rel}","templated":true}]}}