{"id":3961,"date":"2022-01-14T12:50:41","date_gmt":"2022-01-14T12:50:41","guid":{"rendered":"http:\/\/www.campingverneda.com\/blog\/?p=3961"},"modified":"2022-03-09T11:16:15","modified_gmt":"2022-03-09T11:16:15","slug":"cardiologia-ambiental","status":"publish","type":"post","link":"http:\/\/www.campingverneda.com\/blog\/2022\/01\/14\/cardiologia-ambiental\/","title":{"rendered":"Cardiolog\u00eda Ambiental"},"content":{"rendered":"<div id=\"attachment_3962\" style=\"width: 431px\" class=\"wp-caption alignright\"><a href=\"http:\/\/www.campingverneda.com\/blog\/2022\/01\/14\/cardiologia-ambiental\/camping-verneda-cardiologia-ambiental-valdaran\/\" rel=\"attachment wp-att-3962\"><img aria-describedby=\"caption-attachment-3962\" decoding=\"async\" loading=\"lazy\" class=\" wp-image-3962\" src=\"http:\/\/www.campingverneda.com\/blog\/wp-content\/uploads\/2022\/01\/camping-verneda-cardiologia-ambiental-valdaran.jpeg\" alt=\"Cardiolog\u00eda ambiental\" width=\"421\" height=\"562\" srcset=\"http:\/\/www.campingverneda.com\/blog\/wp-content\/uploads\/2022\/01\/camping-verneda-cardiologia-ambiental-valdaran-200x267.jpeg 200w, http:\/\/www.campingverneda.com\/blog\/wp-content\/uploads\/2022\/01\/camping-verneda-cardiologia-ambiental-valdaran-225x300.jpeg 225w, http:\/\/www.campingverneda.com\/blog\/wp-content\/uploads\/2022\/01\/camping-verneda-cardiologia-ambiental-valdaran-400x533.jpeg 400w, http:\/\/www.campingverneda.com\/blog\/wp-content\/uploads\/2022\/01\/camping-verneda-cardiologia-ambiental-valdaran-600x800.jpeg 600w, http:\/\/www.campingverneda.com\/blog\/wp-content\/uploads\/2022\/01\/camping-verneda-cardiologia-ambiental-valdaran-768x1024.jpeg 768w, http:\/\/www.campingverneda.com\/blog\/wp-content\/uploads\/2022\/01\/camping-verneda-cardiologia-ambiental-valdaran-800x1067.jpeg 800w, http:\/\/www.campingverneda.com\/blog\/wp-content\/uploads\/2022\/01\/camping-verneda-cardiologia-ambiental-valdaran.jpeg 1200w\" sizes=\"(max-width: 421px) 100vw, 421px\" \/><\/a><p id=\"caption-attachment-3962\" class=\"wp-caption-text\">Paseando por los bosques de la Val d&#8217;Aran<\/p><\/div>\n<p>Ya sabemos que el aire que respiramos incide en nuestra salud, pero ahora se est\u00e1 buscando la creaci\u00f3n de una nueva disciplina m\u00e9dica, la <strong>Cardiolog\u00eda Ambiental<\/strong>. La conferencia inaugural del reciente <a href=\"https:\/\/web.congresosec.org\/\" target=\"_blank\" rel=\"noopener\">Congreso SEC21<\/a> de la Salud Cardiovascular, organizado por la <a href=\"https:\/\/secardiologia.es\/\" target=\"_blank\" rel=\"noopener\">Sociedad Espa\u00f1ola de Cardiolog\u00eda<\/a> y celebrado en Zaragoza, abord\u00f3 de lleno este tema de la Cardiolog\u00eda Ambiental.<\/p>\n<p>Ana Navas-Aci\u00e9n, epidemi\u00f3loga y profesora en la Facultad de Salud P\u00fablica Mailman de la Universidad de Columbia, en Nueva York, titul\u00f3 su discurso: <strong>Cardiolog\u00eda ambiental, una disciplina del siglo XXI<\/strong>.<\/p>\n<p>Viviendo en ciudades como Barcelona o Madrid, todos los d\u00edas inhalamos, de media, 16 kilos de aire -unos 30 metros c\u00fabicos-. As\u00ed cada vez que respiramos, un acto imprescindible para vivir, penetran en nuestro organismo las part\u00edculas contaminantes presentes en el entorno, responsables de una larga lista de enfermedades. Ana Navas-Aci\u00e9n se\u00f1ala que: \u201cHay miles de estudios que muestran que los d\u00edas de mayor contaminaci\u00f3n del aire en las ciudades aumentan los ingresos por infartos, insuficiencia card\u00edaca y arritmias\u201d.<\/p>\n<p>Debemos hacer hincapi\u00e9 en el tema, y m\u00e1s cuando la profesora nos advierte que la contaminaci\u00f3n del aire que respiramos <strong>&#8220;es el factor de riesgo desconocido\u201d<\/strong>. De hecho, &#8220;un 30% de las muertes por enfermedad cardiovascular, seg\u00fan estima la Organizaci\u00f3n Mundial de la Salud, se producen por un componente ambiental: contaminaci\u00f3n del aire, tabaco pasivo y compuestos t\u00f3xicos (en concreto, la influencia nociva del plomo tiene un fuerte respaldo de evidencia cient\u00edfica)&#8221;. Por lo que, &#8220;las<strong> gu\u00edas<\/strong> de pr\u00e1ctica cl\u00ednica <strong>deber\u00edan actualizarse<\/strong> e incluir las exposiciones ambientales como factores de riesgo para desarrollar estrategias de salud p\u00fablica\u201d.<\/p>\n<p>Para una \u00f3ptima cardiolog\u00eda ambiental debemos modificar nuestros h\u00e1bitos, salir de las ciudades y sumergirnos en entornos naturales, ecosistemas repletos de aire saludable que nuestro organismo reciba positivamente. No lo decimos nosotros, sino que fue el tema predominante del Congreso SEC21 y la preocupaci\u00f3n de muchas comunidades cient\u00edficas. Por ejemplo, Jordi Ba\u00f1eras, cardi\u00f3logo del Hospital Vall d&#8217;Hebron (Barcelona), asegura en una entrevista que no son s\u00f3lo los ciudadanos los que no suelen ser conscientes del alcance de la contaminaci\u00f3n ambiental: &#8220;<strong>En la misma comunidad cient\u00edfica hay a\u00fan desconocimiento por parte de los cardi\u00f3logos y otros m\u00e9dicos<\/strong> en atenci\u00f3n primaria, que somos los que tenemos que avisar de los factores de riesgo para evitar que provoquen enfermedades, al igual que hemos hecho con el tabaquismo, la hipertensi\u00f3n o el colesterol\u201d.<\/p>\n<p>Antic\u00edpate, cu\u00eddate y ven a la Val d\u2019Aran a cuidarte, a respirar, a sonre\u00edr. Dale una tregua a tu cuerpo y sum\u00e9rgete entre nuestros bosques, corre, r\u00ede. \u00a1Vive la #VIDAVerneda!<\/p>\n","protected":false},"excerpt":{"rendered":"<p>Ya sabemos que el aire que respiramos incide en nuestra salud, pero ahora se est\u00e1 buscando la creaci\u00f3n de una nueva disciplina m\u00e9dica, la Cardiolog\u00eda [&hellip;]<\/p>\n","protected":false},"author":1,"featured_media":3963,"comment_status":"open","ping_status":"open","sticky":false,"template":"","format":"standard","meta":[],"categories":[1276],"tags":[1201,1277,412,1278,818,1021],"_links":{"self":[{"href":"http:\/\/www.campingverneda.com\/blog\/wp-json\/wp\/v2\/posts\/3961"}],"collection":[{"href":"http:\/\/www.campingverneda.com\/blog\/wp-json\/wp\/v2\/posts"}],"about":[{"href":"http:\/\/www.campingverneda.com\/blog\/wp-json\/wp\/v2\/types\/post"}],"author":[{"embeddable":true,"href":"http:\/\/www.campingverneda.com\/blog\/wp-json\/wp\/v2\/users\/1"}],"replies":[{"embeddable":true,"href":"http:\/\/www.campingverneda.com\/blog\/wp-json\/wp\/v2\/comments?post=3961"}],"version-history":[{"count":5,"href":"http:\/\/www.campingverneda.com\/blog\/wp-json\/wp\/v2\/posts\/3961\/revisions"}],"predecessor-version":[{"id":3968,"href":"http:\/\/www.campingverneda.com\/blog\/wp-json\/wp\/v2\/posts\/3961\/revisions\/3968"}],"wp:featuredmedia":[{"embeddable":true,"href":"http:\/\/www.campingverneda.com\/blog\/wp-json\/wp\/v2\/media\/3963"}],"wp:attachment":[{"href":"http:\/\/www.campingverneda.com\/blog\/wp-json\/wp\/v2\/media?parent=3961"}],"wp:term":[{"taxonomy":"category","embeddable":true,"href":"http:\/\/www.campingverneda.com\/blog\/wp-json\/wp\/v2\/categories?post=3961"},{"taxonomy":"post_tag","embeddable":true,"href":"http:\/\/www.campingverneda.com\/blog\/wp-json\/wp\/v2\/tags?post=3961"}],"curies":[{"name":"wp","href":"https:\/\/api.w.org\/{rel}","templated":true}]}}