{"id":3950,"date":"2022-01-12T10:21:36","date_gmt":"2022-01-12T10:21:36","guid":{"rendered":"http:\/\/www.campingverneda.com\/blog\/?p=3950"},"modified":"2024-09-16T13:32:19","modified_gmt":"2024-09-16T13:32:19","slug":"cuato-sabes-sobre-verneda-campingmountainresort","status":"publish","type":"post","link":"http:\/\/www.campingverneda.com\/blog\/2022\/01\/12\/cuato-sabes-sobre-verneda-campingmountainresort\/","title":{"rendered":"\u00bfCu\u00e1nto sabes sobre Verneda Camping Mountain Resort?"},"content":{"rendered":"<div id=\"attachment_3951\" style=\"width: 447px\" class=\"wp-caption alignright\"><a href=\"http:\/\/www.campingverneda.com\/blog\/2022\/01\/12\/cuato-sabes-sobre-verneda-campingmountainresort\/verneda-camping-mountainresort-valdaran-2\/\" rel=\"attachment wp-att-3951\"><img aria-describedby=\"caption-attachment-3951\" decoding=\"async\" loading=\"lazy\" class=\" wp-image-3951\" src=\"http:\/\/www.campingverneda.com\/blog\/wp-content\/uploads\/2022\/01\/verneda-camping-mountainresort-valdaran.jpg\" alt=\"Camping Verneda en el coraz\u00f3n de la Val d'Aran\" width=\"437\" height=\"655\" srcset=\"http:\/\/www.campingverneda.com\/blog\/wp-content\/uploads\/2022\/01\/verneda-camping-mountainresort-valdaran-200x300.jpg 200w, http:\/\/www.campingverneda.com\/blog\/wp-content\/uploads\/2022\/01\/verneda-camping-mountainresort-valdaran-400x600.jpg 400w, http:\/\/www.campingverneda.com\/blog\/wp-content\/uploads\/2022\/01\/verneda-camping-mountainresort-valdaran-600x899.jpg 600w, http:\/\/www.campingverneda.com\/blog\/wp-content\/uploads\/2022\/01\/verneda-camping-mountainresort-valdaran-683x1024.jpg 683w, http:\/\/www.campingverneda.com\/blog\/wp-content\/uploads\/2022\/01\/verneda-camping-mountainresort-valdaran-768x1151.jpg 768w, http:\/\/www.campingverneda.com\/blog\/wp-content\/uploads\/2022\/01\/verneda-camping-mountainresort-valdaran-800x1199.jpg 800w, http:\/\/www.campingverneda.com\/blog\/wp-content\/uploads\/2022\/01\/verneda-camping-mountainresort-valdaran.jpg 1000w\" sizes=\"(max-width: 437px) 100vw, 437px\" \/><\/a><p id=\"caption-attachment-3951\" class=\"wp-caption-text\">Zona de camping<\/p><\/div>\n<p>Tal como dice el refranero \u201cnunca que te acostar\u00e1s sin saber algo m\u00e1s\u201d. Por eso hoy, hemos decidido compartir con todos vosotros y vosotras, algunos datos curiosos sobre nosotros, sobre Verneda Camping Mountain Resort.<\/p>\n<p><strong>\u00bfSab\u00edas que tenemos m\u00e1s de 300 \u00e1rboles?<\/strong><br \/>\nQu\u00e9 se cuidan, se mantienen y se miman durante todo el a\u00f1o, para que sean \u00e1rboles sanos y que os ofrezcan a todos los campistas esa sombra que tanto os gusta a todos.<\/p>\n<p><strong>\u00bfQu\u00e9 es una Verneda?<\/strong><br \/>\nUna Verneda es un bosque que crece a la ribera del r\u00edo. Se trata de un conjunto de \u00e1rboles que se llaman vern (alnus glutinosa). Cuando iniciamos nuestro proyecto de camping, el recinto estaba lleno de estos \u00e1rboles, por eso decidimos hacer honor a nuestra pachamama y llamar al camping Camping Verneda.<\/p>\n<p><strong>\u00bfSab\u00edas que somos el alojamiento m\u00e1s petfriendly de este lado del Pirineo?<\/strong><br \/>\nY es que nos encantan los perros, desde siempre y para siempre. <a href=\"https:\/\/www.campingverneda.com\/dogfriendly\" target=\"_blank\" rel=\"noopener\">Los perros son uno m\u00e1s en #VIDAVerneda<\/a>, pero al igual que los humanos, deben respetar algunas normas b\u00e1sicas, con el objetivo de vivir en harmon\u00eda, porque (aunque a nosotros nos parezca raro) no a todo el mundo le gustan los perretes.<\/p>\n<p><strong>\u00bfSab\u00edas que todos los nombres de nuestros bungalow son en aran\u00e9s?<\/strong><br \/>\nDesde monta\u00f1as como Tuca o Montarto o Moli\u00e8res en las <a href=\"https:\/\/www.campingverneda.com\/pleta-aneto\" target=\"_blank\" rel=\"noopener\">Pletas<\/a> y <a href=\"https:\/\/www.campingverneda.com\/bordeta-luxe\" target=\"_blank\" rel=\"noopener\">Bordetas Luxe<\/a>; pasando por r\u00edos como Barrad\u00f2s, Joeu o Garona; y tambi\u00e9n animales como Isard y Cabirou en las <a href=\"https:\/\/www.campingverneda.com\/borda-suite\" target=\"_blank\" rel=\"noopener\">Bordas Suite<\/a>. Somos araneses, hablamos en aran\u00e9s y es una peque\u00f1a forma de honrar a nuestra querida Val d\u2019Aran.<\/p>\n<p><strong>\u00bfSab\u00edas que todo esto empieza all\u00e1 en 1983?<\/strong><br \/>\nS\u00ed, cuando Jose Manuel Monge comenz\u00f3 a trabajar esta tierra hasta convertirla en un mountain resort, 35 a\u00f1os despu\u00e9s. Si quieres saber toda nuestra historia puedes hacer click aqu\u00ed.<\/p>\n<p><strong>\u00bfSab\u00edas que no utilizamos cloro en nuestra piscina?<\/strong><br \/>\nDesde hace unos 5 a\u00f1os, decidimos apostar por la sostenibilidad y el bienestar, as\u00ed que dejamos de lado el cloro qu\u00edmico tradicional y ahora funcionamos con cloraci\u00f3n salina. De este modo cuidamos vuestra salud y tambi\u00e9n del medio ambiente.<\/p>\n<p>\u00bfOs gustar\u00eda saber m\u00e1s detalles? Preguntarnos todo lo que quer\u00e1is coemntando esta entrada del blog o bien a trav\u00e9s de nuestros canaes sociales como<a href=\"https:\/\/www.facebook.com\/VernedaCampingMountainResort\" target=\"_blank\" rel=\"noopener\"> Facebook<\/a>, <a href=\"https:\/\/www.instagram.com\/vida_verneda\/\" target=\"_blank\" rel=\"noopener\">Instagram<\/a>, o <a href=\"https:\/\/twitter.com\/VIDAVerneda\" target=\"_blank\" rel=\"noopener\">Twitter<\/a>.<\/p>\n","protected":false},"excerpt":{"rendered":"<p>Tal como dice el refranero \u201cnunca que te acostar\u00e1s sin saber algo m\u00e1s\u201d. Por eso hoy, hemos decidido compartir con todos vosotros y vosotras, algunos [&hellip;]<\/p>\n","protected":false},"author":1,"featured_media":3952,"comment_status":"open","ping_status":"open","sticky":false,"template":"","format":"standard","meta":[],"categories":[1,69],"tags":[1275,997,713,11,696,13,63,1020,818],"_links":{"self":[{"href":"http:\/\/www.campingverneda.com\/blog\/wp-json\/wp\/v2\/posts\/3950"}],"collection":[{"href":"http:\/\/www.campingverneda.com\/blog\/wp-json\/wp\/v2\/posts"}],"about":[{"href":"http:\/\/www.campingverneda.com\/blog\/wp-json\/wp\/v2\/types\/post"}],"author":[{"embeddable":true,"href":"http:\/\/www.campingverneda.com\/blog\/wp-json\/wp\/v2\/users\/1"}],"replies":[{"embeddable":true,"href":"http:\/\/www.campingverneda.com\/blog\/wp-json\/wp\/v2\/comments?post=3950"}],"version-history":[{"count":7,"href":"http:\/\/www.campingverneda.com\/blog\/wp-json\/wp\/v2\/posts\/3950\/revisions"}],"predecessor-version":[{"id":3959,"href":"http:\/\/www.campingverneda.com\/blog\/wp-json\/wp\/v2\/posts\/3950\/revisions\/3959"}],"wp:featuredmedia":[{"embeddable":true,"href":"http:\/\/www.campingverneda.com\/blog\/wp-json\/wp\/v2\/media\/3952"}],"wp:attachment":[{"href":"http:\/\/www.campingverneda.com\/blog\/wp-json\/wp\/v2\/media?parent=3950"}],"wp:term":[{"taxonomy":"category","embeddable":true,"href":"http:\/\/www.campingverneda.com\/blog\/wp-json\/wp\/v2\/categories?post=3950"},{"taxonomy":"post_tag","embeddable":true,"href":"http:\/\/www.campingverneda.com\/blog\/wp-json\/wp\/v2\/tags?post=3950"}],"curies":[{"name":"wp","href":"https:\/\/api.w.org\/{rel}","templated":true}]}}