{"id":3941,"date":"2021-12-23T15:54:49","date_gmt":"2021-12-23T15:54:49","guid":{"rendered":"http:\/\/www.campingverneda.com\/blog\/?p=3941"},"modified":"2022-01-12T11:42:26","modified_gmt":"2022-01-12T11:42:26","slug":"navidad-en-la-val-daran","status":"publish","type":"post","link":"http:\/\/www.campingverneda.com\/blog\/2021\/12\/23\/navidad-en-la-val-daran\/","title":{"rendered":"Navidad en la Val d&#8217;Aran"},"content":{"rendered":"<p>\u00bfVienes a pasar estas fechas navide\u00f1as en la Val d\u2019Aran? Si es as\u00ed, este post est\u00e1 dirigido especialmente para ti. A continuaci\u00f3n te detallamos alguna de las actividades que puedes realizar y tambi\u00e9n algunas recomendaciones.<\/p>\n<p>&nbsp;<\/p>\n<div id=\"attachment_3942\" style=\"width: 503px\" class=\"wp-caption alignleft\"><a href=\"http:\/\/www.campingverneda.com\/blog\/2021\/12\/23\/navidad-en-la-val-daran\/campingverneda-invienro\/\" rel=\"attachment wp-att-3942\"><img aria-describedby=\"caption-attachment-3942\" decoding=\"async\" loading=\"lazy\" class=\" wp-image-3942\" src=\"http:\/\/www.campingverneda.com\/blog\/wp-content\/uploads\/2021\/12\/campingverneda-invienro.png\" alt=\"Bungalows verneda\" width=\"493\" height=\"578\" srcset=\"http:\/\/www.campingverneda.com\/blog\/wp-content\/uploads\/2021\/12\/campingverneda-invienro-200x235.png 200w, http:\/\/www.campingverneda.com\/blog\/wp-content\/uploads\/2021\/12\/campingverneda-invienro-256x300.png 256w, http:\/\/www.campingverneda.com\/blog\/wp-content\/uploads\/2021\/12\/campingverneda-invienro-400x469.png 400w, http:\/\/www.campingverneda.com\/blog\/wp-content\/uploads\/2021\/12\/campingverneda-invienro-600x704.png 600w, http:\/\/www.campingverneda.com\/blog\/wp-content\/uploads\/2021\/12\/campingverneda-invienro-768x901.png 768w, http:\/\/www.campingverneda.com\/blog\/wp-content\/uploads\/2021\/12\/campingverneda-invienro-800x938.png 800w, http:\/\/www.campingverneda.com\/blog\/wp-content\/uploads\/2021\/12\/campingverneda-invienro.png 857w\" sizes=\"(max-width: 493px) 100vw, 493px\" \/><\/a><p id=\"caption-attachment-3942\" class=\"wp-caption-text\">Jugando con los m\u00e1s peque\u00f1os por el recinto<\/p><\/div>\n<p><strong>Cultura y tradici\u00f3n<\/strong><\/p>\n<p><strong>&#8211; Visita a los museos<\/strong>. Los museos de la Val d\u2019Aran son el lugar perfecto para adentrarse en la cultura y las tradiciones de nuestro vale de valles. Recomendamos visitar el Mus\u00e8u de la Val d\u2019Aran en Vielha, el Ecomuseu de Joanchiquet en Vilam\u00f2s y el Mus\u00e8u dera nh\u00e8u en Unha. Para conocer sus horarios puedes visitar la<a href=\"https:\/\/www.museus.conselharan.org\/es\/inicio.html\" target=\"_blank\" rel=\"noopener\"> web de Mus\u00e8us dera Val d\u2019Aran<\/a>.<\/p>\n<p><strong>&#8211; El rom\u00e1nico de la Val d\u2019Aran<\/strong>. Si eres un\/a amante de las iglesias realizar la ruta del rom\u00e1nico o visitar algunas de sus iglesias debe ser una actividad imprescindible para ti. Algunas de las mayores representaciones de esta \u00e9poca las encontramos en la iglesia de Santa Mar\u00eda de Arties, Sant Miqu\u00e8u de Vielha, Sant Andreu de Salard\u00fa o Santa Eulalia de Unha.<\/p>\n<p><strong>Para los m\u00e1s peque\u00f1os<\/strong><\/p>\n<p><strong>&#8211; Pista de hielo en Vielha.<\/strong> \u00a1La actividad estrella del invierno para toda la familia! Este a\u00f1o encontraremos una pista de hielo en el centro de Vielha donde podr\u00e1s disfrutar con tu peques de la verdadera esencia del invento, esa que vemos y sentimos en las pelis. La pista de hielo estar\u00e1 abierta hasta el 28 de febrero en horario de 17h a 21:30h y con un precio de 6\u20ac cada 30 minutos.<\/p>\n<p><strong>&#8211; Parque infantil de Navidad<\/strong>. Ubicado en el Palai d\u2019Esp\u00f2rts de Vielha (junto al palai de G\u00e8u), es el lugar perfecto para pasar una tarde jugando con los m\u00e1s peque\u00f1os de la casa. Manualidades, juegos y mucho m\u00e1s. El horario del parque es de 17h a 21:30h y tiene un precio de 6\u20ac. Estar\u00e1 abierto cada d\u00eda excepto el d\u00eda 25 de diciembre y el 5 de enero.<\/p>\n<p><strong>&#8211; Sesiones de cine familiares y gratuitas<\/strong>. El d\u00eda 30 de diciembre se proyectar\u00e1 la pel\u00edcula \u201cEl cascanueces y los cuatro reinos\u201d y el 4 de enero la pel\u00edcula \u201cEls Croods, una nueva era\u201d. Los dos d\u00edas a las 18h.<\/p>\n<p><strong>&#8211; \u00a1Qu\u00e9 vienen los reyes magos!<\/strong> El d\u00eda 3 de enero en el porche del ayuntamiento de Vielha sus majestades los Reyes de oriente estar\u00e1n esperando a los ni\u00f1os y ni\u00f1as de 19h a 21h para que les entreguen sus cartas. Y c\u00f3mo no, el d\u00eda 5 por la tarde se realizar\u00e1 en Vielha la cabalgata y tambi\u00e9n en Arties.<\/p>\n<p><strong>Para todos<\/strong><\/p>\n<p><strong>&#8211; Mercado de Navidad.<\/strong> EL 26 al 31 de diciembre encuentra en Vielha un mercado con los productores artesanales de nuestro valle en horario de 12h a 20:30h y en Arties del 2 al 4 de enero.<\/p>\n<p><strong>&#8211; Campanadas de fin de a\u00f1o en Bagergue<\/strong>. Este pueblo, considerado uno de los pueblos m\u00e1s bonitos de nuestro pa\u00eds, realiza un a\u00f1o m\u00e1s las campanas de fin de a\u00f1o. Si te parece un planazo tienes una cita el d\u00eda 31 a las 23:30h. \u00a1SUSPENDIDO!<\/p>\n<p><strong>Turismo activo<\/strong><\/p>\n<div id=\"attachment_1783\" style=\"width: 493px\" class=\"wp-caption alignright\"><a href=\"http:\/\/www.campingverneda.com\/blog\/2017\/02\/23\/caminantes-hacemos-camino-con-raquetas\/caminar_valdaran_campingverneda_raquetas\/\" rel=\"attachment wp-att-1783\"><img aria-describedby=\"caption-attachment-1783\" decoding=\"async\" loading=\"lazy\" class=\" wp-image-1783\" src=\"http:\/\/www.campingverneda.com\/blog\/wp-content\/uploads\/2017\/02\/caminar_valdaran_campingverneda_raquetas-.png\" alt=\"\" width=\"483\" height=\"352\" srcset=\"http:\/\/www.campingverneda.com\/blog\/wp-content\/uploads\/2017\/02\/caminar_valdaran_campingverneda_raquetas--220x161.png 220w, http:\/\/www.campingverneda.com\/blog\/wp-content\/uploads\/2017\/02\/caminar_valdaran_campingverneda_raquetas--300x218.png 300w, http:\/\/www.campingverneda.com\/blog\/wp-content\/uploads\/2017\/02\/caminar_valdaran_campingverneda_raquetas--600x437.png 600w, http:\/\/www.campingverneda.com\/blog\/wp-content\/uploads\/2017\/02\/caminar_valdaran_campingverneda_raquetas-.png 945w\" sizes=\"(max-width: 483px) 100vw, 483px\" \/><\/a><p id=\"caption-attachment-1783\" class=\"wp-caption-text\">Excursi\u00f3n en raqueta s aun paso de tu bungalow<\/p><\/div>\n<p><strong>&#8211; Deslizar por Baqueira Beret.<\/strong> Si eres un apasionado de los deportes de invierno no puedes faltar a tu cita en la mejor estaci\u00f3n del pa\u00eds. Pero si jamas te has puesto unos esqu\u00eds, te recomendamos que al menos lo puedes, ya que mes una experiencia inolvidable. Si te lo piensas, desde Verneda Camping Mountain Resort tendras un descuento del 15% en alquiler de material en Copos Skicenter.<\/p>\n<p><strong>&#8211; Excursi\u00f3n en raquetas de nieve.<\/strong> Si durante el verano el senderismo es lo tuyo, realizar una salida con raquetas de nieve es una experiencia apara los sentidos. Recorrer los pueblos de la Val d\u2019Aran, conoce <strong>el Camin Reiau y ad\u00e9ntrate en nuestros bosques. Desde nuestra recepci\u00f3n os ofrecemos el alquiler de raquetas, para que odias salir desde vuestro bungalows con las raquetas puestas.<\/strong><\/p>\n<p><strong>&#8211; Esqu\u00ed de traves\u00eda.<\/strong> Esta actividad es ideal para los amantes de lo aut\u00e9ntico, de la naturaleza y la monta\u00f1a en su lado m\u00e1s salvaje y m\u00e1s puro. Una ruta hacia el Montcorbison, el Coth de Baretja o por los alrededores de Baqueira Beret. Y si quieres saber m\u00e1s, no dudes en acercarte a nuestra recepci\u00f3n y te informaremos.<\/p>\n<p>\u00a1Esta Navidad tenemos planes para todos en la Val d\u2019Aran! Pero no olvides, que quedarte en tu bungalow, descansando al calor de una estufa de pellet con la premisa de \u201cdolce fare niente\u201d tambi\u00e9n es un planazo.<\/p>\n","protected":false},"excerpt":{"rendered":"<p>\u00bfVienes a pasar estas fechas navide\u00f1as en la Val d\u2019Aran? Si es as\u00ed, este post est\u00e1 dirigido especialmente para ti. A continuaci\u00f3n te detallamos alguna [&hellip;]<\/p>\n","protected":false},"author":1,"featured_media":3943,"comment_status":"open","ping_status":"open","sticky":false,"template":"","format":"standard","meta":[],"categories":[71,73],"tags":[17,1273,1274,11,13,63,818],"_links":{"self":[{"href":"http:\/\/www.campingverneda.com\/blog\/wp-json\/wp\/v2\/posts\/3941"}],"collection":[{"href":"http:\/\/www.campingverneda.com\/blog\/wp-json\/wp\/v2\/posts"}],"about":[{"href":"http:\/\/www.campingverneda.com\/blog\/wp-json\/wp\/v2\/types\/post"}],"author":[{"embeddable":true,"href":"http:\/\/www.campingverneda.com\/blog\/wp-json\/wp\/v2\/users\/1"}],"replies":[{"embeddable":true,"href":"http:\/\/www.campingverneda.com\/blog\/wp-json\/wp\/v2\/comments?post=3941"}],"version-history":[{"count":4,"href":"http:\/\/www.campingverneda.com\/blog\/wp-json\/wp\/v2\/posts\/3941\/revisions"}],"predecessor-version":[{"id":3948,"href":"http:\/\/www.campingverneda.com\/blog\/wp-json\/wp\/v2\/posts\/3941\/revisions\/3948"}],"wp:featuredmedia":[{"embeddable":true,"href":"http:\/\/www.campingverneda.com\/blog\/wp-json\/wp\/v2\/media\/3943"}],"wp:attachment":[{"href":"http:\/\/www.campingverneda.com\/blog\/wp-json\/wp\/v2\/media?parent=3941"}],"wp:term":[{"taxonomy":"category","embeddable":true,"href":"http:\/\/www.campingverneda.com\/blog\/wp-json\/wp\/v2\/categories?post=3941"},{"taxonomy":"post_tag","embeddable":true,"href":"http:\/\/www.campingverneda.com\/blog\/wp-json\/wp\/v2\/tags?post=3941"}],"curies":[{"name":"wp","href":"https:\/\/api.w.org\/{rel}","templated":true}]}}