{"id":3932,"date":"2021-12-02T15:49:40","date_gmt":"2021-12-02T15:49:40","guid":{"rendered":"http:\/\/www.campingverneda.com\/blog\/?p=3932"},"modified":"2022-02-08T11:36:41","modified_gmt":"2022-02-08T11:36:41","slug":"winter-is-coming","status":"publish","type":"post","link":"http:\/\/www.campingverneda.com\/blog\/2021\/12\/02\/winter-is-coming\/","title":{"rendered":"Winter is coming\u2026"},"content":{"rendered":"<div id=\"attachment_3934\" style=\"width: 525px\" class=\"wp-caption alignleft\"><a href=\"http:\/\/www.campingverneda.com\/blog\/2021\/12\/02\/winter-is-coming\/verneda-camping-bungalow-san-valentin\/\" rel=\"attachment wp-att-3934\"><img aria-describedby=\"caption-attachment-3934\" decoding=\"async\" loading=\"lazy\" class=\" wp-image-3934\" src=\"http:\/\/www.campingverneda.com\/blog\/wp-content\/uploads\/2021\/12\/verneda-camping-bungalow-san-valentin.jpg\" alt=\"Bungalow de madera en Verneda Camping Mountain Resort\" width=\"515\" height=\"344\" srcset=\"http:\/\/www.campingverneda.com\/blog\/wp-content\/uploads\/2021\/12\/verneda-camping-bungalow-san-valentin-200x134.jpg 200w, http:\/\/www.campingverneda.com\/blog\/wp-content\/uploads\/2021\/12\/verneda-camping-bungalow-san-valentin-300x200.jpg 300w, http:\/\/www.campingverneda.com\/blog\/wp-content\/uploads\/2021\/12\/verneda-camping-bungalow-san-valentin-400x267.jpg 400w, http:\/\/www.campingverneda.com\/blog\/wp-content\/uploads\/2021\/12\/verneda-camping-bungalow-san-valentin-600x401.jpg 600w, http:\/\/www.campingverneda.com\/blog\/wp-content\/uploads\/2021\/12\/verneda-camping-bungalow-san-valentin-768x513.jpg 768w, http:\/\/www.campingverneda.com\/blog\/wp-content\/uploads\/2021\/12\/verneda-camping-bungalow-san-valentin-800x534.jpg 800w, http:\/\/www.campingverneda.com\/blog\/wp-content\/uploads\/2021\/12\/verneda-camping-bungalow-san-valentin-1024x684.jpg 1024w, http:\/\/www.campingverneda.com\/blog\/wp-content\/uploads\/2021\/12\/verneda-camping-bungalow-san-valentin.jpg 1200w\" sizes=\"(max-width: 515px) 100vw, 515px\" \/><\/a><p id=\"caption-attachment-3934\" class=\"wp-caption-text\">En familia,n pareja o con amigos. Verneda Camping Mountain Resort tu destino de vacaciones de invierno<\/p><\/div>\n<p>Ya estamos disfrutando de las <strong>primeras nevadas en la Val d\u2019Aran<\/strong>. Todo el Pirineo se viste de blanco y este fin de semana <strong>Baqueira Beret ha abierto sus puertas<\/strong> repleta de nieve. \u00a1El invierno en la Val d\u2019Aran ya est\u00e1 aqu\u00ed!<\/p>\n<p>Y Verneda Camping Mountain Resort ha vuelto con todas las instalaciones optimizadas para esta temporada de invierno que tanto nos gusta, y sabemos que tambi\u00e9n os gusta. Ahora <strong>los bungalows esperan vuestra llegada calentitos<\/strong>, con las chimeneas de pellet encendidas para que llegu\u00e9is y s\u00f3lo teng\u00e1is que disfrutar del paisaje.<\/p>\n<p>Ahora las excursiones y rutas que os proponemos incluyen panor\u00e1micas llenas de color porque estamos en este momento en que los \u00e1rboles de nuestros bosques milenarios de la Val d\u2019Aran cambian el color de sus hojas y el disfrute visual est\u00e1 m\u00e1s que asegurado con estas \u00faltimas nevadas. Si conoces este rinc\u00f3n de los Pirineos ya sabes de lo que estamos hablando. Y si todav\u00eda no has venido nunca a este valle de valles, esta temporada te esperamos para que goces al m\u00e1ximo del panorama invernal con nuestras promos.<\/p>\n<p><strong>Para este fin de semana de viernes a domingo tenemos una s\u00faper promoci\u00f3n en nuestros bungalows del 15% de descuento.<\/strong><\/p>\n<p><strong>\u00bfY qu\u00e9 hacer en invierno en la Val d\u2019Aran?<\/strong> Si te gusta esquiar o hacer snowboard, conocer la estaci\u00f3n <strong>Baqueira Beret es tu mejor plan<\/strong>. Si prefieres algo m\u00e1s tranquilo y <strong>para toda la familia<\/strong>, os recomendamos un <strong>paseo en raquetas<\/strong> entre los muchos caminos que hay en el valle y que te sorprender\u00e1n en positivo.<\/p>\n<p>Recuerda que <strong>somos un alojamiento petfriendly<\/strong>, por lo que pod\u00e9is venir acompa\u00f1ados de vuestras mascotas para que sint\u00e1is en familia lo bueno de la #VIDAVerneda en invierno.<\/p>\n","protected":false},"excerpt":{"rendered":"<p>Ya estamos disfrutando de las primeras nevadas en la Val d\u2019Aran. Todo el Pirineo se viste de blanco y este fin de semana Baqueira Beret [&hellip;]<\/p>\n","protected":false},"author":1,"featured_media":3933,"comment_status":"open","ping_status":"open","sticky":false,"template":"","format":"standard","meta":[],"categories":[70],"tags":[1270,48,1271,1268,1039,1269,1272,818],"_links":{"self":[{"href":"http:\/\/www.campingverneda.com\/blog\/wp-json\/wp\/v2\/posts\/3932"}],"collection":[{"href":"http:\/\/www.campingverneda.com\/blog\/wp-json\/wp\/v2\/posts"}],"about":[{"href":"http:\/\/www.campingverneda.com\/blog\/wp-json\/wp\/v2\/types\/post"}],"author":[{"embeddable":true,"href":"http:\/\/www.campingverneda.com\/blog\/wp-json\/wp\/v2\/users\/1"}],"replies":[{"embeddable":true,"href":"http:\/\/www.campingverneda.com\/blog\/wp-json\/wp\/v2\/comments?post=3932"}],"version-history":[{"count":5,"href":"http:\/\/www.campingverneda.com\/blog\/wp-json\/wp\/v2\/posts\/3932\/revisions"}],"predecessor-version":[{"id":3939,"href":"http:\/\/www.campingverneda.com\/blog\/wp-json\/wp\/v2\/posts\/3932\/revisions\/3939"}],"wp:featuredmedia":[{"embeddable":true,"href":"http:\/\/www.campingverneda.com\/blog\/wp-json\/wp\/v2\/media\/3933"}],"wp:attachment":[{"href":"http:\/\/www.campingverneda.com\/blog\/wp-json\/wp\/v2\/media?parent=3932"}],"wp:term":[{"taxonomy":"category","embeddable":true,"href":"http:\/\/www.campingverneda.com\/blog\/wp-json\/wp\/v2\/categories?post=3932"},{"taxonomy":"post_tag","embeddable":true,"href":"http:\/\/www.campingverneda.com\/blog\/wp-json\/wp\/v2\/tags?post=3932"}],"curies":[{"name":"wp","href":"https:\/\/api.w.org\/{rel}","templated":true}]}}