{"id":3919,"date":"2021-10-29T08:02:36","date_gmt":"2021-10-29T08:02:36","guid":{"rendered":"http:\/\/www.campingverneda.com\/blog\/?p=3919"},"modified":"2022-09-14T14:09:35","modified_gmt":"2022-09-14T14:09:35","slug":"abrimos-reservas-para-2022","status":"publish","type":"post","link":"http:\/\/www.campingverneda.com\/blog\/2021\/10\/29\/abrimos-reservas-para-2022\/","title":{"rendered":"Abrimos reservas para el 2022"},"content":{"rendered":"<div id=\"attachment_3921\" style=\"width: 637px\" class=\"wp-caption alignright\"><a href=\"http:\/\/www.campingverneda.com\/blog\/2021\/10\/29\/abrimos-reservas-para-2022\/bungalows-vielha-verneda-mountain-resort\/\" rel=\"attachment wp-att-3921\"><img aria-describedby=\"caption-attachment-3921\" decoding=\"async\" loading=\"lazy\" class=\" wp-image-3921\" src=\"http:\/\/www.campingverneda.com\/blog\/wp-content\/uploads\/2021\/10\/bungalows-vielha-verneda-mountain-resort.jpg\" alt=\"Verneda Camping Mountain Resort bungalows\" width=\"627\" height=\"419\" srcset=\"http:\/\/www.campingverneda.com\/blog\/wp-content\/uploads\/2021\/10\/bungalows-vielha-verneda-mountain-resort-200x134.jpg 200w, http:\/\/www.campingverneda.com\/blog\/wp-content\/uploads\/2021\/10\/bungalows-vielha-verneda-mountain-resort-300x200.jpg 300w, http:\/\/www.campingverneda.com\/blog\/wp-content\/uploads\/2021\/10\/bungalows-vielha-verneda-mountain-resort-400x267.jpg 400w, http:\/\/www.campingverneda.com\/blog\/wp-content\/uploads\/2021\/10\/bungalows-vielha-verneda-mountain-resort-600x401.jpg 600w, http:\/\/www.campingverneda.com\/blog\/wp-content\/uploads\/2021\/10\/bungalows-vielha-verneda-mountain-resort-768x513.jpg 768w, http:\/\/www.campingverneda.com\/blog\/wp-content\/uploads\/2021\/10\/bungalows-vielha-verneda-mountain-resort-800x534.jpg 800w, http:\/\/www.campingverneda.com\/blog\/wp-content\/uploads\/2021\/10\/bungalows-vielha-verneda-mountain-resort-1024x684.jpg 1024w, http:\/\/www.campingverneda.com\/blog\/wp-content\/uploads\/2021\/10\/bungalows-vielha-verneda-mountain-resort.jpg 1200w\" sizes=\"(max-width: 627px) 100vw, 627px\" \/><\/a><p id=\"caption-attachment-3921\" class=\"wp-caption-text\">Vacaciones de verano en nuestros bungalows<\/p><\/div>\n<p>\u00bfEres de esas personas a las que le gusta tenerlo todo bien planificado? \u00bfTienes claro que el pr\u00f3ximo verano quieres unas vacaciones en plena monta\u00f1a en el coraz\u00f3n de los Pirineos? Si es as\u00ed, este post del blog va dirigido para ti, y todos tus compa\u00f1eros y compa\u00f1eras.<\/p>\n<p>Normalmente abr\u00edamos las reservas para el verano a principios de a\u00f1o, pero viendo la avalancha de peticiones y vuestras ganas de #VIDAVerneda, este a\u00f1o hemos decidido abrirlas mucho antes. \u00a1YA! Para que los y las m\u00e1s previsores\/as pod\u00e1is tener vuestras vacaciones aseguradas y planeadas para no tener ning\u00fan tipo de preocupaci\u00f3n y disfrutar de vuestras escapadas de verano al m\u00e1ximo. \u00a1As\u00ed que <strong>desde hoy mismo ya puedes reservar tus vacaciones a lo #VIDAVerneda<\/strong>!<\/p>\n<p>Para aquellos y aquellas <em>trailrunners<\/em> que ya ten\u00e9is vuestra inscripci\u00f3n para el <a href=\"https:\/\/www.instagram.com\/p\/CVXKOVTtghn\/\" target=\"_blank\" rel=\"noopener\">Val d\u2019Aran by UTMB<\/a> que se celebrar\u00e1 los d\u00edas 7 y 8 de julio, tambi\u00e9n os recomendamos reservar vuestro bungalow cuanto antes, porque \u00bfhay mejor descanso tras la carrera que en nuestros bungalows de madera hechos a medida? Junto al r\u00edo, con la m\u00e1xima tranquilidad y dentro de un paraje natural.<\/p>\n<p>Y recuerda que siempre te recomendamos realizar tu reserva directamente a trav\u00e9s de nuestra p\u00e1gina web ya que obtendr\u00e1s <a href=\"https:\/\/thelisresa.webcamp.fr\/list.php?camping=verneda&amp;track=25102021&amp;type=2&amp;typelocation=2&amp;nb_pers=0&amp;begin=2022-07-07&amp;end=2022-07-10&amp;duration=3&amp;beginType=0&amp;tolerance=0&amp;lang=es&amp;PHPSESSID=h5i65id38iic4n6rj67n8g8uuq\" target=\"_blank\" rel=\"noopener\">mejores garant\u00edas<\/a> y un trato m\u00e1s familiar y cercano, que adem\u00e1s te organizamos estancias a medida, te asesoramos con toda la informaci\u00f3n sobre buenos planes y te ofrecemos el mejor precio garantizado.<br \/>\nSi necesitas m\u00e1s informaci\u00f3n, puedes consultar nuestra web <a href=\"http:\/\/www.campingverneda.com\" target=\"_blank\" rel=\"noopener\">www.campingverneda.com<\/a>, enviarnos un email a info@campingverneda.com o bien llam\u00e1ndonos al (+34) 973 641 024.<\/p>\n<p>Corre, \u00a1que vuelan!<\/p>\n","protected":false},"excerpt":{"rendered":"<p>\u00bfEres de esas personas a las que le gusta tenerlo todo bien planificado? \u00bfTienes claro que el pr\u00f3ximo verano quieres unas vacaciones en plena monta\u00f1a [&hellip;]<\/p>\n","protected":false},"author":1,"featured_media":3920,"comment_status":"open","ping_status":"open","sticky":false,"template":"","format":"standard","meta":[],"categories":[69],"tags":[1267,511,1266,697,112,42,63,1265],"_links":{"self":[{"href":"http:\/\/www.campingverneda.com\/blog\/wp-json\/wp\/v2\/posts\/3919"}],"collection":[{"href":"http:\/\/www.campingverneda.com\/blog\/wp-json\/wp\/v2\/posts"}],"about":[{"href":"http:\/\/www.campingverneda.com\/blog\/wp-json\/wp\/v2\/types\/post"}],"author":[{"embeddable":true,"href":"http:\/\/www.campingverneda.com\/blog\/wp-json\/wp\/v2\/users\/1"}],"replies":[{"embeddable":true,"href":"http:\/\/www.campingverneda.com\/blog\/wp-json\/wp\/v2\/comments?post=3919"}],"version-history":[{"count":6,"href":"http:\/\/www.campingverneda.com\/blog\/wp-json\/wp\/v2\/posts\/3919\/revisions"}],"predecessor-version":[{"id":3927,"href":"http:\/\/www.campingverneda.com\/blog\/wp-json\/wp\/v2\/posts\/3919\/revisions\/3927"}],"wp:featuredmedia":[{"embeddable":true,"href":"http:\/\/www.campingverneda.com\/blog\/wp-json\/wp\/v2\/media\/3920"}],"wp:attachment":[{"href":"http:\/\/www.campingverneda.com\/blog\/wp-json\/wp\/v2\/media?parent=3919"}],"wp:term":[{"taxonomy":"category","embeddable":true,"href":"http:\/\/www.campingverneda.com\/blog\/wp-json\/wp\/v2\/categories?post=3919"},{"taxonomy":"post_tag","embeddable":true,"href":"http:\/\/www.campingverneda.com\/blog\/wp-json\/wp\/v2\/tags?post=3919"}],"curies":[{"name":"wp","href":"https:\/\/api.w.org\/{rel}","templated":true}]}}