{"id":3912,"date":"2021-10-08T10:10:40","date_gmt":"2021-10-08T10:10:40","guid":{"rendered":"http:\/\/www.campingverneda.com\/blog\/?p=3912"},"modified":"2021-12-02T16:03:43","modified_gmt":"2021-12-02T16:03:43","slug":"4-lugares-para-visitar-en-la-val-daran-en-otono","status":"publish","type":"post","link":"http:\/\/www.campingverneda.com\/blog\/2021\/10\/08\/4-lugares-para-visitar-en-la-val-daran-en-otono\/","title":{"rendered":"4 lugares para visitar en la Val d\u2019Aran en oto\u00f1o"},"content":{"rendered":"<p>El oto\u00f1o en la Val d\u2019Aran mola, y mucho. En nuestro blog puedes encontrar entradas anteriores en las que te adelantamos algunos buenos planes para conocer m\u00e1s y mejor este valle de los Pirineos en esta temporada antes de la llegaba de las cl\u00e1sicas nevadas del invierno. Y ahora te recomendamos estos lugares que s\u00ed o s\u00ed debes visitar b\u00e1sicamente porque TE VAN A ENCANTAR y vas a querer volver a visitar una y otra vez.<\/p>\n<p><strong>1. Bosque de Carlac.<\/strong><\/p>\n<div id=\"attachment_3914\" style=\"width: 583px\" class=\"wp-caption alignright\"><a href=\"http:\/\/www.campingverneda.com\/blog\/2021\/10\/08\/4-lugares-para-visitar-en-la-val-daran-en-otono\/verneda-bassadoles\/\" rel=\"attachment wp-att-3914\"><img aria-describedby=\"caption-attachment-3914\" decoding=\"async\" loading=\"lazy\" class=\"wp-image-3914\" src=\"http:\/\/www.campingverneda.com\/blog\/wp-content\/uploads\/2021\/10\/verneda-bassadoles.png\" alt=\"buenos planes ne oto\u00f1o en la Val d'Aran\" width=\"573\" height=\"428\" srcset=\"http:\/\/www.campingverneda.com\/blog\/wp-content\/uploads\/2021\/10\/verneda-bassadoles-200x149.png 200w, http:\/\/www.campingverneda.com\/blog\/wp-content\/uploads\/2021\/10\/verneda-bassadoles-300x224.png 300w, http:\/\/www.campingverneda.com\/blog\/wp-content\/uploads\/2021\/10\/verneda-bassadoles-400x299.png 400w, http:\/\/www.campingverneda.com\/blog\/wp-content\/uploads\/2021\/10\/verneda-bassadoles-600x448.png 600w, http:\/\/www.campingverneda.com\/blog\/wp-content\/uploads\/2021\/10\/verneda-bassadoles.png 715w\" sizes=\"(max-width: 573px) 100vw, 573px\" \/><\/a><p id=\"caption-attachment-3914\" class=\"wp-caption-text\">Bassa d&#8217;Oles, uno de los mejores lugares para visitar en Vielha e MIjaran<\/p><\/div>\n<p>Tambi\u00e9n conocido como el Bosque Encantado de Carlac, a este misterioso bosque de hayedos milenario se accede desde el pueblo de Bausen. Una<strong> visita s\u00faper recomendable para toda la familia<\/strong>, donde se puede disfrutar de las mil y una formas que han adoptado los \u00e1rboles que forman este m\u00e1gico hayedo.<\/p>\n<p><strong>2. R\u00edo rojo<\/strong><\/p>\n<p>El R\u00edo rojo en el Valle de Unhola es la herencia del antiguo trabajo de miner\u00eda que se explotaba en la zona del Baish Aran. Ahora la Naturaleza ha hecho suya esta herencia y ha creado un paisaje \u00fanico que merece ser visitado.<\/p>\n<p><strong>3. Bosque de Baricauba.<\/strong><\/p>\n<p>Este particular bosque se compone de <strong>cientos de abetos enormes que rodean al lago Bassa de Oles<\/strong>. Y es que la envergadura de estos abetos convierten el paisaje es un desaf\u00edo a la gravedad. Puedes acceder al camino desde el pueblo de Gausac, y en unos 5 km ya llegas a la rivera del lago.<\/p>\n<p><strong>4. Val de Toran.<\/strong><\/p>\n<p>La Val de Toran se encuentra poco antes de que el r\u00edo Garona comience su recorrido por el territorio franc\u00e9s, y es un valle especialmente tranquilo repleto de bosques, senderos y peque\u00f1os municipios habitados en donde tambi\u00e9n encontramos vestigios de la antigua tradici\u00f3n minera de la zona.<\/p>\n<p>Estos cuatro lugares para visitar en la Val d\u2019Aran en oto\u00f1o son solo algunas propuestas de las muchas opciones que hay. En particular, estos buenos cuatro planes son perfectos para compartir el familia, incluso con ni\u00f1os y ni\u00f1as peque\u00f1os\/as. \u00bfTe animas?<\/p>\n<p>Disfruta del oto\u00f1o multicolor a lo <a href=\"http:\/\/www.instagram.com\" target=\"_blank\" rel=\"noopener\">#VIDAVerneda<\/a>.<\/p>\n","protected":false},"excerpt":{"rendered":"<p>El oto\u00f1o en la Val d\u2019Aran mola, y mucho. En nuestro blog puedes encontrar entradas anteriores en las que te adelantamos algunos buenos planes para [&hellip;]<\/p>\n","protected":false},"author":1,"featured_media":3913,"comment_status":"open","ping_status":"open","sticky":false,"template":"","format":"standard","meta":[],"categories":[71],"tags":[1263,1261,1053,1259,1258,1262,963,1264,1260,818],"_links":{"self":[{"href":"http:\/\/www.campingverneda.com\/blog\/wp-json\/wp\/v2\/posts\/3912"}],"collection":[{"href":"http:\/\/www.campingverneda.com\/blog\/wp-json\/wp\/v2\/posts"}],"about":[{"href":"http:\/\/www.campingverneda.com\/blog\/wp-json\/wp\/v2\/types\/post"}],"author":[{"embeddable":true,"href":"http:\/\/www.campingverneda.com\/blog\/wp-json\/wp\/v2\/users\/1"}],"replies":[{"embeddable":true,"href":"http:\/\/www.campingverneda.com\/blog\/wp-json\/wp\/v2\/comments?post=3912"}],"version-history":[{"count":3,"href":"http:\/\/www.campingverneda.com\/blog\/wp-json\/wp\/v2\/posts\/3912\/revisions"}],"predecessor-version":[{"id":3917,"href":"http:\/\/www.campingverneda.com\/blog\/wp-json\/wp\/v2\/posts\/3912\/revisions\/3917"}],"wp:featuredmedia":[{"embeddable":true,"href":"http:\/\/www.campingverneda.com\/blog\/wp-json\/wp\/v2\/media\/3913"}],"wp:attachment":[{"href":"http:\/\/www.campingverneda.com\/blog\/wp-json\/wp\/v2\/media?parent=3912"}],"wp:term":[{"taxonomy":"category","embeddable":true,"href":"http:\/\/www.campingverneda.com\/blog\/wp-json\/wp\/v2\/categories?post=3912"},{"taxonomy":"post_tag","embeddable":true,"href":"http:\/\/www.campingverneda.com\/blog\/wp-json\/wp\/v2\/tags?post=3912"}],"curies":[{"name":"wp","href":"https:\/\/api.w.org\/{rel}","templated":true}]}}