{"id":3903,"date":"2021-09-25T10:44:00","date_gmt":"2021-09-25T10:44:00","guid":{"rendered":"http:\/\/www.campingverneda.com\/blog\/?p=3903"},"modified":"2021-12-02T15:50:38","modified_gmt":"2021-12-02T15:50:38","slug":"otono-multicolor-en-los-pirineos","status":"publish","type":"post","link":"http:\/\/www.campingverneda.com\/blog\/2021\/09\/25\/otono-multicolor-en-los-pirineos\/","title":{"rendered":"Oto\u00f1o multicolor en los Pirineos"},"content":{"rendered":"<p>El oto\u00f1o ya est\u00e1 en los Pirineos, y nos encanta esta estaci\u00f3n del a\u00f1o. En nuestro rinc\u00f3n de los Pirineos, aqu\u00ed en la Val d\u2019Aran, todo se llena de vida y de color.<\/p>\n<div id=\"attachment_3904\" style=\"width: 443px\" class=\"wp-caption alignright\"><a href=\"http:\/\/www.campingverneda.com\/blog\/2021\/09\/25\/otono-multicolor-en-los-pirineos\/berrea-valdaran-copia\/\" rel=\"attachment wp-att-3904\"><img aria-describedby=\"caption-attachment-3904\" decoding=\"async\" loading=\"lazy\" class=\"wp-image-3904\" src=\"http:\/\/www.campingverneda.com\/blog\/wp-content\/uploads\/2021\/09\/berrea-valdaran-copia.png\" alt=\"Planes otot\u00f1ales en la Val d'Aran con Verneda Camping Mountain Resort\" width=\"433\" height=\"331\" srcset=\"http:\/\/www.campingverneda.com\/blog\/wp-content\/uploads\/2021\/09\/berrea-valdaran-copia-200x153.png 200w, http:\/\/www.campingverneda.com\/blog\/wp-content\/uploads\/2021\/09\/berrea-valdaran-copia.png 264w\" sizes=\"(max-width: 433px) 100vw, 433px\" \/><\/a><p id=\"caption-attachment-3904\" class=\"wp-caption-text\">Berrea del ciervo en la Val d&#8217;Aran. Foto de Javi Montes<\/p><\/div>\n<p><strong>En oto\u00f1o todo se llena de vida en la Val d\u2019Aran con la berrea del ciervo<\/strong>, que es cuando los ciervos se aparean en nuestras monta\u00f1as con su \u2018canto\u2019 particular. Si quieres observar esta maravilla de la naturaleza animal, puedes consultarnos y te ofrecemos las mejores opciones. Pero tambi\u00e9n te pedimos por favor que <strong>mantengas las distancias recomendadas para no interrumpir este ciclo de la vida<\/strong>, d\u00e1ndoles as\u00ed el espacio que los ciervos necesitan.<\/p>\n<p>Tambi\u00e9n hay mucha vida en nuestros bosques, en los que los bichitos trabajan a pleno rendimiento para tener un guaridas listas para el pr\u00f3ximo per\u00edodo de hibernaci\u00f3n. Si caminas por nuestros bosques, cuida tus pisadas y respeta la labor de toda esta fauna en miniatura.<\/p>\n<p>Y si vienes a la Val d\u2019Aran este oto\u00f1o, ver\u00e1s r\u00e1pidamente de qu\u00e9 hablamos cuando decimos que se llena de color. Ahora es el momento en el que los \u00e1rboles de nuestros bosques milenarios cambian la apariencia de sus hojas. Desde cualquier punto de nuestro valle de los Pirineos podr\u00e1s observar mantos multicolor que cambian de aspecto d\u00eda a d\u00eda, todo depende de la meteorolog\u00eda. Incluso cada hora se ve modificado el paisaje, no es lo mismo a la ma\u00f1ana que a la tarde, seg\u00fan donde enfoque la luz del sol. \u00a1Pura magia de la Naturaleza!<\/p>\n<p>As\u00ed que s<strong>i buscas una experiencia para recordar en tus escapadas para las pr\u00f3ximas semanas del oto\u00f1o multicolor, mucho mejor desde nuestros bungalows de Verneda Camping Mountain Resort<\/strong>. Te ofrecemos bungalows de madera para familias y amigos, casitas de madera a medida con todas las comodidades que puedas imaginar\u2026 \u00a1y te esperamos con las chimeneas de pellets encendidas!<\/p>\n<p>Adem\u00e1s, tenemos luna promoci\u00f3n irresistible para vengas a disfrutar del oto\u00f1o en la Val d&#8217;Aran: un <strong><a href=\"http:\/\/thelisresa.webcamp.fr\/list.php?camping=verneda&amp;track=1692021&amp;type=2&amp;typelocation=2&amp;nb_pers=0&amp;begin=26\/09\/2021&amp;end=03\/10\/2021&amp;duration=8&amp;beginType=0&amp;tolerance=0&amp;lang=es\" target=\"_blank\" rel=\"noopener\">25% de descuento en nuestros bungalows<\/a> <\/strong>(exceptuando festivos y puentes).<\/p>\n<p>Aran, la tierra de mil colores te espera. \u00bfTe vienes?<\/p>\n","protected":false},"excerpt":{"rendered":"<p>El oto\u00f1o ya est\u00e1 en los Pirineos, y nos encanta esta estaci\u00f3n del a\u00f1o. En nuestro rinc\u00f3n de los Pirineos, aqu\u00ed en la Val d\u2019Aran, [&hellip;]<\/p>\n","protected":false},"author":1,"featured_media":3905,"comment_status":"open","ping_status":"open","sticky":false,"template":"","format":"standard","meta":[],"categories":[69],"tags":[1167,1254,1253,1255,721,1256,1257,1252,1251,818],"_links":{"self":[{"href":"http:\/\/www.campingverneda.com\/blog\/wp-json\/wp\/v2\/posts\/3903"}],"collection":[{"href":"http:\/\/www.campingverneda.com\/blog\/wp-json\/wp\/v2\/posts"}],"about":[{"href":"http:\/\/www.campingverneda.com\/blog\/wp-json\/wp\/v2\/types\/post"}],"author":[{"embeddable":true,"href":"http:\/\/www.campingverneda.com\/blog\/wp-json\/wp\/v2\/users\/1"}],"replies":[{"embeddable":true,"href":"http:\/\/www.campingverneda.com\/blog\/wp-json\/wp\/v2\/comments?post=3903"}],"version-history":[{"count":5,"href":"http:\/\/www.campingverneda.com\/blog\/wp-json\/wp\/v2\/posts\/3903\/revisions"}],"predecessor-version":[{"id":3910,"href":"http:\/\/www.campingverneda.com\/blog\/wp-json\/wp\/v2\/posts\/3903\/revisions\/3910"}],"wp:featuredmedia":[{"embeddable":true,"href":"http:\/\/www.campingverneda.com\/blog\/wp-json\/wp\/v2\/media\/3905"}],"wp:attachment":[{"href":"http:\/\/www.campingverneda.com\/blog\/wp-json\/wp\/v2\/media?parent=3903"}],"wp:term":[{"taxonomy":"category","embeddable":true,"href":"http:\/\/www.campingverneda.com\/blog\/wp-json\/wp\/v2\/categories?post=3903"},{"taxonomy":"post_tag","embeddable":true,"href":"http:\/\/www.campingverneda.com\/blog\/wp-json\/wp\/v2\/tags?post=3903"}],"curies":[{"name":"wp","href":"https:\/\/api.w.org\/{rel}","templated":true}]}}