{"id":3898,"date":"2021-09-21T11:33:13","date_gmt":"2021-09-21T11:33:13","guid":{"rendered":"http:\/\/www.campingverneda.com\/blog\/?p=3898"},"modified":"2021-12-02T16:02:58","modified_gmt":"2021-12-02T16:02:58","slug":"5-planes-para-tus-vacaciones-con-perro-en-la-val-daran","status":"publish","type":"post","link":"http:\/\/www.campingverneda.com\/blog\/2021\/09\/21\/5-planes-para-tus-vacaciones-con-perro-en-la-val-daran\/","title":{"rendered":"5 planes para tus vacaciones con perro en la Val d\u2019Aran"},"content":{"rendered":"<p>Para comenzar, \u00a1nos encanta que veng\u00e1is a vernos a la Val d\u2019Aran con vuestros perros y perras! \u00a1Y tambi\u00e9n que vag\u00e1is acompa\u00f1ados de vuestros gatitos! Aunque los que ven\u00eds con mininos de vacaciones sois menos, pero cada vez vemos m\u00e1s.<\/p>\n<div id=\"attachment_3900\" style=\"width: 485px\" class=\"wp-caption alignright\"><a href=\"http:\/\/www.campingverneda.com\/blog\/2021\/09\/21\/5-planes-para-tus-vacaciones-con-perro-en-la-val-daran\/verneda-mountain-resort-dogfriendly\/\" rel=\"attachment wp-att-3900\"><img aria-describedby=\"caption-attachment-3900\" decoding=\"async\" loading=\"lazy\" class=\"size-full wp-image-3900\" src=\"http:\/\/www.campingverneda.com\/blog\/wp-content\/uploads\/2021\/09\/verneda-mountain-resort-dogfriendly.png\" alt=\"Verneda destino dog friendly\" width=\"475\" height=\"709\" srcset=\"http:\/\/www.campingverneda.com\/blog\/wp-content\/uploads\/2021\/09\/verneda-mountain-resort-dogfriendly-200x299.png 200w, http:\/\/www.campingverneda.com\/blog\/wp-content\/uploads\/2021\/09\/verneda-mountain-resort-dogfriendly-201x300.png 201w, http:\/\/www.campingverneda.com\/blog\/wp-content\/uploads\/2021\/09\/verneda-mountain-resort-dogfriendly-400x597.png 400w, http:\/\/www.campingverneda.com\/blog\/wp-content\/uploads\/2021\/09\/verneda-mountain-resort-dogfriendly.png 475w\" sizes=\"(max-width: 475px) 100vw, 475px\" \/><\/a><p id=\"caption-attachment-3900\" class=\"wp-caption-text\">Paseos matutinos por Verneda Camping Mountain Resort<\/p><\/div>\n<p>B\u00e1sicamente, <strong>somos muy fans de las personas que decid\u00eds llevaros a vuestros animalitos a los mismos lugares que vais vosotros<\/strong>, disfrutando de las <strong>vacaciones en familia<\/strong> en todos los sentidos y, por supuesto, con la familia al completo.<\/p>\n<p>As\u00ed que si est\u00e1s programando tus vacaciones o la pr\u00f3xima escapada familiar, aqu\u00ed os dejamos <strong>5 buenos planes para tus d\u00edas libres con perro en la Val d\u2019Aran<\/strong>:<\/p>\n<p><strong>1. Alojamiento en Verneda Camping Mountain Resort.<br \/>\n<\/strong><\/p>\n<p>En Verneda Camping Mountain Resort <a href=\"https:\/\/www.campingverneda.com\/dogfriendly\" target=\"_blank\" rel=\"noopener\">somos un alojamiento petfriendly<\/a> durante todo el a\u00f1o. Ya vengas en furgoneta, camper, camping o elijas descansar en nuestros bungalows de madera y con todas las comodidades, tu animal de compa\u00f1\u00eda es s\u00faper bienvenido o bienvenida. Lo \u00fanico que te pedimos es que en las zonas comunes, tu acompa\u00f1ante a cuatro patas vaya con correa para que todos disfrutemos de las instalaciones externas.<\/p>\n<p><strong>2. Paseos infinitos por el Camin Reiau.<\/strong><\/p>\n<p>Desde Verneda Camping Mountain Resort tienes <a href=\"https:\/\/www.campingverneda.com\/camin-reiau\" target=\"_blank\" rel=\"noopener\">acceso directo al Camin Reiau<\/a>, un camino que une los pueblos de la Val d\u2019Aran y que es perfecto para que los perretes corran entre palos, bichitos y, los m\u00e1s atrevidos, con chapuzones al r\u00edo Garona.<\/p>\n<p><strong>3. Trekking en el bosque de Carlac<\/strong><\/p>\n<p>Un plan perfecto para hacer juntos, con una dificultad media y perfecta para hacer en familia. Para otras rutas de distinta dificultad puedes preguntarnos en recepci\u00f3n.<\/p>\n<p><strong>4. D\u00eda de mountain bike en los alrededores de Es Bordes.<\/strong><\/p>\n<p>Con salida desde nuesrto recinto, la <a href=\"https:\/\/www.visitvaldaran.com\/btt-aran-total-bike\/centro-btt\/rutas-medias-btt\/\" target=\"_blank\" rel=\"noopener\">ruta 6 del centro BTT de la Val d&#8217;Aran<\/a>, se puede hacer en 2h30mins\u00a0 y es s\u00faper recomendable para hacerla con perros ya que transcurre por un bosque sombr\u00edo y tiene varios puntos donde los perretes pueden beber y descansar. Si te gustar\u00eda conocer otro tipo de rutas, en recepci\u00f3n te ponemos en contacto con Copos Bike y Era Roda, expertos en bici en el Valle de Ar\u00e1n.<\/p>\n<p><strong>5. Cenar en los restaurantes de Vielha.<\/strong><\/p>\n<p>Para acabar el d\u00eda os recomendamos ir a cenar a Eth Corn\u00e8r, eth Restilh\u00e8 o visitar la birreria de nuesros amigos de REFU Birreria. Buena gastro en compa\u00f1\u00eda de vuestras mascotas, que seguro que alegran de que se te caiga \u2018accidentalmente\u2019 algo del plato.<\/p>\n<p>Estas son s\u00f3lo algunas ideas, pero son muchos los buenos planes de la Val d\u2019Aran para hacer con tu perro. \u00a1Te esperamos!<\/p>\n","protected":false},"excerpt":{"rendered":"<p>Para comenzar, \u00a1nos encanta que veng\u00e1is a vernos a la Val d\u2019Aran con vuestros perros y perras! \u00a1Y tambi\u00e9n que vag\u00e1is acompa\u00f1ados de vuestros gatitos! [&hellip;]<\/p>\n","protected":false},"author":1,"featured_media":3899,"comment_status":"open","ping_status":"open","sticky":false,"template":"","format":"standard","meta":[],"categories":[70],"tags":[1245,1129,1248,1151,856,1246,935,1249,1108,1250,1247,818],"_links":{"self":[{"href":"http:\/\/www.campingverneda.com\/blog\/wp-json\/wp\/v2\/posts\/3898"}],"collection":[{"href":"http:\/\/www.campingverneda.com\/blog\/wp-json\/wp\/v2\/posts"}],"about":[{"href":"http:\/\/www.campingverneda.com\/blog\/wp-json\/wp\/v2\/types\/post"}],"author":[{"embeddable":true,"href":"http:\/\/www.campingverneda.com\/blog\/wp-json\/wp\/v2\/users\/1"}],"replies":[{"embeddable":true,"href":"http:\/\/www.campingverneda.com\/blog\/wp-json\/wp\/v2\/comments?post=3898"}],"version-history":[{"count":2,"href":"http:\/\/www.campingverneda.com\/blog\/wp-json\/wp\/v2\/posts\/3898\/revisions"}],"predecessor-version":[{"id":3902,"href":"http:\/\/www.campingverneda.com\/blog\/wp-json\/wp\/v2\/posts\/3898\/revisions\/3902"}],"wp:featuredmedia":[{"embeddable":true,"href":"http:\/\/www.campingverneda.com\/blog\/wp-json\/wp\/v2\/media\/3899"}],"wp:attachment":[{"href":"http:\/\/www.campingverneda.com\/blog\/wp-json\/wp\/v2\/media?parent=3898"}],"wp:term":[{"taxonomy":"category","embeddable":true,"href":"http:\/\/www.campingverneda.com\/blog\/wp-json\/wp\/v2\/categories?post=3898"},{"taxonomy":"post_tag","embeddable":true,"href":"http:\/\/www.campingverneda.com\/blog\/wp-json\/wp\/v2\/tags?post=3898"}],"curies":[{"name":"wp","href":"https:\/\/api.w.org\/{rel}","templated":true}]}}