{"id":3890,"date":"2021-09-06T08:31:08","date_gmt":"2021-09-06T08:31:08","guid":{"rendered":"http:\/\/www.campingverneda.com\/blog\/?p=3890"},"modified":"2021-09-25T10:46:50","modified_gmt":"2021-09-25T10:46:50","slug":"listado-para-un-verano-sostenible-en-pirineos","status":"publish","type":"post","link":"http:\/\/www.campingverneda.com\/blog\/2021\/09\/06\/listado-para-un-verano-sostenible-en-pirineos\/","title":{"rendered":"Listado para un verano sostenible en Pirineos"},"content":{"rendered":"<p>Muchos y muchas nos pregunt\u00e1is<strong> c\u00f3mo poder ser m\u00e1s sostenibles en vuestras vacaciones de verano<\/strong>, sobre todo para poder compartir estas buenas pr\u00e1cticas con los y las peques de casa, que vienen del cole con muchas cuestiones medio ambientales, y debemos colaborar al aprendizaje de esos buenos h\u00e1bitos.<\/p>\n<p>Hay muchas maneras de contribuir para crear un mundo mejor, pero hoy os vamos a presentar un listado de <strong>cuestiones muy sencillas para realizar en familia<\/strong>, que as\u00ed es m\u00e1s divertido:<\/p>\n<div id=\"attachment_3891\" style=\"width: 311px\" class=\"wp-caption alignright\"><a href=\"http:\/\/www.campingverneda.com\/blog\/2021\/09\/06\/listado-para-un-verano-sostenible-en-pirineos\/verneda-camping-primavera-familia\/\" rel=\"attachment wp-att-3891\"><img aria-describedby=\"caption-attachment-3891\" decoding=\"async\" loading=\"lazy\" class=\" wp-image-3891\" src=\"http:\/\/www.campingverneda.com\/blog\/wp-content\/uploads\/2021\/09\/verneda-camping-primavera-familia.jpg\" alt=\"vacaciones en la val d'aran a lo Vida Verneda\" width=\"301\" height=\"452\" srcset=\"http:\/\/www.campingverneda.com\/blog\/wp-content\/uploads\/2021\/09\/verneda-camping-primavera-familia-200x300.jpg 200w, http:\/\/www.campingverneda.com\/blog\/wp-content\/uploads\/2021\/09\/verneda-camping-primavera-familia-400x600.jpg 400w, http:\/\/www.campingverneda.com\/blog\/wp-content\/uploads\/2021\/09\/verneda-camping-primavera-familia-600x900.jpg 600w, http:\/\/www.campingverneda.com\/blog\/wp-content\/uploads\/2021\/09\/verneda-camping-primavera-familia-683x1024.jpg 683w, http:\/\/www.campingverneda.com\/blog\/wp-content\/uploads\/2021\/09\/verneda-camping-primavera-familia-768x1152.jpg 768w, http:\/\/www.campingverneda.com\/blog\/wp-content\/uploads\/2021\/09\/verneda-camping-primavera-familia.jpg 800w\" sizes=\"(max-width: 301px) 100vw, 301px\" \/><\/a><p id=\"caption-attachment-3891\" class=\"wp-caption-text\">Vacaciones sostenibles respetando el entorno<\/p><\/div>\n<ul>\n<li>Vayas donde vayas de paseo, <strong>nunca tires nada al suelo<\/strong>, ni siquiera unas pasas. Cualquier tipo de desecho, acum\u00falalo en una bolsita, tu bolsillo de la chaqueta o en la mochila, y t\u00edralo en la basura que corresponda: pl\u00e1stico, papel, vidrio o contenedor de desechos org\u00e1nicos.<\/li>\n<li><strong>Si en tu paseo encuentras residuos ajenos, rec\u00f3gelos tambi\u00e9n<\/strong>. Ser\u00e1s un excelente ejemplo para los\/as peques.<\/li>\n<li>Cuando te sumerjas en la naturaleza,<strong> lim\u00edtate a observar<\/strong>, y a disfrutar de lo que ves. No rompas \u00e1rboles ya que son el hogar de muchos animalitos, donde incluimos a los insectos. \u00a1Cuida su h\u00e1bitat natural!<\/li>\n<li>Para tus desplazamientos, siempre que la ocasi\u00f3n lo permita, <strong>elige caminar o andar en bici<\/strong>. En caso de utilizar veh\u00edculo propio, conduce eficientemente.<\/li>\n<li><strong>Ahorra consumo de energ\u00eda<\/strong> evitando encender el aire acondicionado. \u00bfHace mucho calor durante el d\u00eda? Puedes utilizar ropa fresca y aprovechar las horas de m\u00e1s calor visitando el r\u00edo y d\u00e1ndote un chapuz\u00f3n, beber mucha agua y comer frutas y verduras frescas. Si ves que el calor persiste, prioriza a encender siempre el ventilador antes que cualquier climatizador.<\/li>\n<li>En esos momentos de ducha despu\u00e9s de un buen paseo por el monte, o un ba\u00f1o en el r\u00edo,<strong> intenta que el momento de la ducha no dure m\u00e1s que una canci\u00f3n<\/strong>. As\u00ed conservamos agua, y le damos emoci\u00f3n a la ducha. \u00bfEres capaz de ducharte en el tiempo que dura tu canci\u00f3n favorita?<\/li>\n<li>Planifica bien las comidas. Seg\u00fan MAGRAMA (Ministerio de Agricultura, Alimentaci\u00f3n y Medio Ambiente), en primavera y verano se desperdicia un 9,4% de alimentos m\u00e1s que en oto\u00f1o-invierno. Algunas acciones sencillas para evitar este desperdicio alimentario son: organizar bien la lista de la compra, guardar correctamente los alimentos para evitar que se deterioren, incluso pedir la comida sobrante cuando vamos a un restaurante\u2026<\/li>\n<\/ul>\n<p>Y para que lo tengas claro en todos tus destinos:<br \/>\n<strong>\u00b7 REDUCIR: Utilizar \u00fanicamente lo necesario, y practicar as\u00ed el consumo responsable;<\/strong><br \/>\n<strong>\u00b7 REUTILIZAR para prolongar la vida \u00fatil de los productos;<\/strong><br \/>\n<strong>\u00b7 RECICLAR para reaprovechar los materiales.<\/strong><\/p>\n<p>\u00a1Ah! Y por \u00faltimo, <a href=\"https:\/\/www.campingverneda.com\/\" target=\"_blank\" rel=\"noopener\">disfruta mucho de tus vacaciones<\/a>. \u00a1En familia todo es mejor!<\/p>\n","protected":false},"excerpt":{"rendered":"<p>Muchos y muchas nos pregunt\u00e1is c\u00f3mo poder ser m\u00e1s sostenibles en vuestras vacaciones de verano, sobre todo para poder compartir estas buenas pr\u00e1cticas con los [&hellip;]<\/p>\n","protected":false},"author":1,"featured_media":3892,"comment_status":"open","ping_status":"open","sticky":false,"template":"","format":"standard","meta":[],"categories":[69],"tags":[1244,167,103,1104,818],"_links":{"self":[{"href":"http:\/\/www.campingverneda.com\/blog\/wp-json\/wp\/v2\/posts\/3890"}],"collection":[{"href":"http:\/\/www.campingverneda.com\/blog\/wp-json\/wp\/v2\/posts"}],"about":[{"href":"http:\/\/www.campingverneda.com\/blog\/wp-json\/wp\/v2\/types\/post"}],"author":[{"embeddable":true,"href":"http:\/\/www.campingverneda.com\/blog\/wp-json\/wp\/v2\/users\/1"}],"replies":[{"embeddable":true,"href":"http:\/\/www.campingverneda.com\/blog\/wp-json\/wp\/v2\/comments?post=3890"}],"version-history":[{"count":4,"href":"http:\/\/www.campingverneda.com\/blog\/wp-json\/wp\/v2\/posts\/3890\/revisions"}],"predecessor-version":[{"id":3896,"href":"http:\/\/www.campingverneda.com\/blog\/wp-json\/wp\/v2\/posts\/3890\/revisions\/3896"}],"wp:featuredmedia":[{"embeddable":true,"href":"http:\/\/www.campingverneda.com\/blog\/wp-json\/wp\/v2\/media\/3892"}],"wp:attachment":[{"href":"http:\/\/www.campingverneda.com\/blog\/wp-json\/wp\/v2\/media?parent=3890"}],"wp:term":[{"taxonomy":"category","embeddable":true,"href":"http:\/\/www.campingverneda.com\/blog\/wp-json\/wp\/v2\/categories?post=3890"},{"taxonomy":"post_tag","embeddable":true,"href":"http:\/\/www.campingverneda.com\/blog\/wp-json\/wp\/v2\/tags?post=3890"}],"curies":[{"name":"wp","href":"https:\/\/api.w.org\/{rel}","templated":true}]}}