{"id":3661,"date":"2021-04-29T15:36:41","date_gmt":"2021-04-29T15:36:41","guid":{"rendered":"http:\/\/www.campingverneda.com\/blog\/?p=3661"},"modified":"2021-12-02T16:05:21","modified_gmt":"2021-12-02T16:05:21","slug":"manual-del-buen-campista","status":"publish","type":"post","link":"http:\/\/www.campingverneda.com\/blog\/2021\/04\/29\/manual-del-buen-campista\/","title":{"rendered":"Manual del buen campista"},"content":{"rendered":"<div id=\"attachment_3662\" style=\"width: 682px\" class=\"wp-caption alignright\"><a href=\"http:\/\/www.campingverneda.com\/blog\/2021\/04\/29\/manual-del-buen-campista\/acampada_verneda_camping_mountain_resort_val_d_aran\/\" rel=\"attachment wp-att-3662\"><img aria-describedby=\"caption-attachment-3662\" decoding=\"async\" loading=\"lazy\" class=\" wp-image-3662\" src=\"http:\/\/www.campingverneda.com\/blog\/wp-content\/uploads\/2021\/04\/acampada_verneda_camping_mountain_resort_val_d_aran.jpg\" alt=\"Camping Verneda en la Val d'Aran\" width=\"672\" height=\"448\" srcset=\"http:\/\/www.campingverneda.com\/blog\/wp-content\/uploads\/2021\/04\/acampada_verneda_camping_mountain_resort_val_d_aran-200x133.jpg 200w, http:\/\/www.campingverneda.com\/blog\/wp-content\/uploads\/2021\/04\/acampada_verneda_camping_mountain_resort_val_d_aran-300x200.jpg 300w, http:\/\/www.campingverneda.com\/blog\/wp-content\/uploads\/2021\/04\/acampada_verneda_camping_mountain_resort_val_d_aran-400x267.jpg 400w, http:\/\/www.campingverneda.com\/blog\/wp-content\/uploads\/2021\/04\/acampada_verneda_camping_mountain_resort_val_d_aran-600x400.jpg 600w, http:\/\/www.campingverneda.com\/blog\/wp-content\/uploads\/2021\/04\/acampada_verneda_camping_mountain_resort_val_d_aran-768x512.jpg 768w, http:\/\/www.campingverneda.com\/blog\/wp-content\/uploads\/2021\/04\/acampada_verneda_camping_mountain_resort_val_d_aran-800x534.jpg 800w, http:\/\/www.campingverneda.com\/blog\/wp-content\/uploads\/2021\/04\/acampada_verneda_camping_mountain_resort_val_d_aran.jpg 1000w\" sizes=\"(max-width: 672px) 100vw, 672px\" \/><\/a><p id=\"caption-attachment-3662\" class=\"wp-caption-text\">Libertad sin restricciones en nuestras parcelas<\/p><\/div>\n<p>Las vacaciones en plena monta\u00f1a se han convertido en la elecci\u00f3n favorita de aquellos que desean vivir una experiencia natural, lejos del ruido de la ciudad y de las aglomeraciones de los destinos de costa.<\/p>\n<p>Venir de vacaciones de camping a la Val d\u2019Aran, es una buena elecci\u00f3n para cualquier amante de la Naturaleza pero, \u00bfsabes todo lo que necesitas para una vacaciones de camping?<\/p>\n<p>Una organizaci\u00f3n y planificaci\u00f3n previa es esencial para una vacaciones TOP. Por eso, para haceros la vida m\u00e1s f\u00e1cil, os dejamos algunos consejos indispensables para vuestras vacaciones de camping a lo #VIDAVerneda.<\/p>\n<p><strong>Antes de salir de casa:<\/strong><br \/>\n&#8211; Comprueba que tu tienda de campa\u00f1a est\u00e1 en buen estado y que tienes todo lo necesario para montarla. Piquetas, herramientas, toldo\u2026 \u00a1Es tu casa para los pr\u00f3ximos d\u00edas!<br \/>\n&#8211; <strong>Utensilios indispensables<\/strong>: menaje de cocina, fogones de gas para cocinar, sillas y mesas, navaja multiusos, cubiertos, nevera port\u00e1til, colch\u00f3n y\/o esterilla\u2026 \u00a1Tu comodidad y la de los tuyos es lo primero!<br \/>\n&#8211; <strong>Chequea la meteorolog\u00eda<\/strong>. Estamos en el Pirineo, por lo que puede ser que alg\u00fan d\u00eda la lluvia caiga sobre vosotros. As\u00ed que no olvides poner en tu maleta en buen chubasquero, unas botas de agua o de monta\u00f1a, y una gorra. \u00a1Ah! Y, por supuesto, tr\u00e1ete ropa de abrigo, que las noches en la Val d\u2019Aran son fresquitas, lo que se agradece mucho para dormir bien.<br \/>\n&#8211; Date un <strong>tour virtual por la Val d\u2019Aran<\/strong>. Conoce m\u00e1s a fondo d\u00f3nde vas a realizar tus vacaciones, inf\u00f3rmate sobre nuestra ubicaci\u00f3n y el entorno, y todas las actividades que quieras realizar. Y si tienes dudas, nosotros te informaremos m\u00e1s al detalle.<\/p>\n<p><strong>En el camping:<\/strong><br \/>\n&#8211; Escoge tu parcela o haznos saber d\u00f3nde te gustar\u00eda acampar. Algunos prefieren ver el r\u00edo desde las tiendas de campa\u00f1a, otros prefieren estar cerca de los servicios\u2026 \u00a1Pi\u00e9nsalo bien!<br \/>\nOrganiza tu espacio y ten paciencia para montar tu tienda de campa\u00f1a. Una buena planificaci\u00f3n de vuestra parcela es importante para que est\u00e9is bien c\u00f3modos. \u00bfD\u00f3nde vamos a dejar el coche? \u00bfCu\u00e1nto espacio necesitamos?<br \/>\n&#8211; <strong>Respeta a tus vecinos y vecinas<\/strong>. Sabemos que todos estamos de vacaciones, pero respetar el espacio, controlar el ruido y tener en cuenta a los que tenemos cerca, nos aportar\u00e1 mas tranquilidad, adem\u00e1s de la posibilidad de hacer comunidad con los que ser\u00e1n tus vecinos durante unos d\u00edas.<br \/>\n&#8211; Mant\u00e9n el interior de tu tienda limpio y ordenado. El espacio suele ser m\u00e1s reducido, por lo que<strong> el orden es important\u00edsimo<\/strong>. Y recuerda que est\u00e1s en plena naturaleza, que si dejas comida tienes todos los n\u00fameros para tener bichitos merodeando.<br \/>\n&#8211; Cuida el medio ambiente, que ser\u00e1 tu casa en tus vacaciones. Una de la maravillas del camping es disfrutar de la naturaleza y sentirnos libres, pero todo esto conlleva la responsabilidad de cuidar del entorno. Recoge tu basura, no tires nada al suelo\u2026 \u00a1Utiliza el sentido com\u00fan!<br \/>\n&#8211; Nuestros perros deben estar en todo momento bajo la supervisi\u00f3n de sus humanos y humanas, atados y sin molestar al resto de campistas y, por supuesto, sus heces deben recogerse siempre. Aqu\u00ed <strong>somos muy petfriendly<\/strong>, pero debemos recordar que siempre hay ni\u00f1os cerca y que a no todo el mundo le gustan los perros. El respeto es el principio para unas buenas vacaciones para todos y todas.<\/p>\n","protected":false},"excerpt":{"rendered":"<p>Las vacaciones en plena monta\u00f1a se han convertido en la elecci\u00f3n favorita de aquellos que desean vivir una experiencia natural, lejos del ruido de la [&hellip;]<\/p>\n","protected":false},"author":1,"featured_media":3663,"comment_status":"open","ping_status":"open","sticky":false,"template":"","format":"standard","meta":[],"categories":[1,70],"tags":[327,51,11,696,1093,13,818],"_links":{"self":[{"href":"http:\/\/www.campingverneda.com\/blog\/wp-json\/wp\/v2\/posts\/3661"}],"collection":[{"href":"http:\/\/www.campingverneda.com\/blog\/wp-json\/wp\/v2\/posts"}],"about":[{"href":"http:\/\/www.campingverneda.com\/blog\/wp-json\/wp\/v2\/types\/post"}],"author":[{"embeddable":true,"href":"http:\/\/www.campingverneda.com\/blog\/wp-json\/wp\/v2\/users\/1"}],"replies":[{"embeddable":true,"href":"http:\/\/www.campingverneda.com\/blog\/wp-json\/wp\/v2\/comments?post=3661"}],"version-history":[{"count":3,"href":"http:\/\/www.campingverneda.com\/blog\/wp-json\/wp\/v2\/posts\/3661\/revisions"}],"predecessor-version":[{"id":3666,"href":"http:\/\/www.campingverneda.com\/blog\/wp-json\/wp\/v2\/posts\/3661\/revisions\/3666"}],"wp:featuredmedia":[{"embeddable":true,"href":"http:\/\/www.campingverneda.com\/blog\/wp-json\/wp\/v2\/media\/3663"}],"wp:attachment":[{"href":"http:\/\/www.campingverneda.com\/blog\/wp-json\/wp\/v2\/media?parent=3661"}],"wp:term":[{"taxonomy":"category","embeddable":true,"href":"http:\/\/www.campingverneda.com\/blog\/wp-json\/wp\/v2\/categories?post=3661"},{"taxonomy":"post_tag","embeddable":true,"href":"http:\/\/www.campingverneda.com\/blog\/wp-json\/wp\/v2\/tags?post=3661"}],"curies":[{"name":"wp","href":"https:\/\/api.w.org\/{rel}","templated":true}]}}